{"id":9568,"date":"2026-03-20T08:48:02","date_gmt":"2026-03-20T07:48:02","guid":{"rendered":"https:\/\/www.misapor.ch\/?p=9568"},"modified":"2026-03-20T12:31:30","modified_gmt":"2026-03-20T11:31:30","slug":"nous-disons-merci-avec-quelque-chose-de-plein-pour-le-vide-2","status":"publish","type":"post","link":"https:\/\/www.misapor.ch\/fr\/nous-disons-merci-avec-quelque-chose-de-plein-pour-le-vide-2\/","title":{"rendered":"Recycling Day 2026 \u2013 MISAPOR y \u00e9tait !"},"content":{"rendered":"\t\t<div data-elementor-type=\"wp-post\" data-elementor-id=\"9568\" class=\"elementor elementor-9568 elementor-9567\" data-elementor-post-type=\"post\">\n\t\t\t\t<div class=\"elementor-element elementor-element-671ea347 e-flex e-con-boxed e-con e-parent\" data-id=\"671ea347\" data-element_type=\"container\" data-e-type=\"container\">\n\t\t\t\t\t<div class=\"e-con-inner\">\n\t\t\t\t<div class=\"elementor-element elementor-element-f03af7e leadtext elementor-widget elementor-widget-text-editor\" data-id=\"f03af7e\" data-element_type=\"widget\" data-e-type=\"widget\" data-widget_type=\"text-editor.default\">\n\t\t\t\t<div class=\"elementor-widget-container\">\n\t\t\t\t\t\t\t\t\t<p>Le 18 mars 2026, c&rsquo;\u00e9tait la Journ\u00e9e mondiale du recyclage, et MISAPOR \u00e9tait bien s\u00fbr de la partie !<\/p>\t\t\t\t\t\t\t\t<\/div>\n\t\t\t\t<\/div>\n\t\t\t\t<div class=\"elementor-element elementor-element-43a7c17e elementor-widget elementor-widget-text-editor\" data-id=\"43a7c17e\" data-element_type=\"widget\" data-e-type=\"widget\" data-widget_type=\"text-editor.default\">\n\t\t\t\t<div class=\"elementor-widget-container\">\n\t\t\t\t\t\t\t\t\t<p>Nous avons pass\u00e9 une journ\u00e9e bien remplie, et toute l&rsquo;\u00e9quipe MISAPOR a eu le plaisir de participer \u00e0 de superbes actions.<\/p><p>Avec un stand d\u2019information \u00e0 la gare de Coire, nous avons profit\u00e9 de cette journ\u00e9e pour remercier la population en offrant quelque chose de plein en \u00e9change de leurs vides. En effet, le taux de collecte suisse record de verre d\u2019emballage, qui est correctement \u00e9limin\u00e9 et recycl\u00e9 tout au long de l\u2019ann\u00e9e, fournit entre autres la mati\u00e8re premi\u00e8re \u00e0 partir de laquelle est fabriqu\u00e9 le granulat de verre cellulaire MISAPOR, durable et recyclable.<\/p><p>Lors de ses visites chez les clients, notre service commercial a cr\u00e9\u00e9 une surprise rafra\u00eechissante en offrant un petit quelque chose de plein en \u00e9change des vides, et dans les usines MISAPOR \u00e9galement, notre \u00e9quipe a pu profiter d\u2019un petit quelque chose de plein en \u00e9change des vides lors de la pause-caf\u00e9.<\/p><p>Tr\u00e8s pratique : notre \u00e9quipe d\u2019usine a pu \u00e9liminer les bouteilles en verre vides directement sur place et les transformer en nouveau granulat de verre cellulaire !<\/p>\t\t\t\t\t\t\t\t<\/div>\n\t\t\t\t<\/div>\n\t\t\t\t\t<\/div>\n\t\t\t\t<\/div>\n\t\t<div class=\"elementor-element elementor-element-233b708c e-flex e-con-boxed e-con e-parent\" data-id=\"233b708c\" data-element_type=\"container\" data-e-type=\"container\">\n\t\t\t\t\t<div class=\"e-con-inner\">\n\t\t\t\t\t<\/div>\n\t\t\t\t<\/div>\n\t\t<div class=\"elementor-element elementor-element-f1d7f04 e-flex e-con-boxed e-con e-parent\" data-id=\"f1d7f04\" data-element_type=\"container\" data-e-type=\"container\">\n\t\t\t\t\t<div class=\"e-con-inner\">\n\t\t\t\t<div class=\"elementor-element elementor-element-db6a02c elementor-widget elementor-widget-video\" data-id=\"db6a02c\" data-element_type=\"widget\" data-e-type=\"widget\" data-settings=\"{&quot;video_type&quot;:&quot;vimeo&quot;,&quot;autoplay&quot;:&quot;yes&quot;,&quot;play_on_mobile&quot;:&quot;yes&quot;}\" data-widget_type=\"video.default\">\n\t\t\t\t<div class=\"elementor-widget-container\">\n\t\t\t\t\t\t\t<div class=\"elementor-wrapper elementor-open-inline\">\n\t\t\t<iframe hcb-fetch-image-from=\"https:\/\/vimeo.com\/1175420093?fl=ip&amp;fe=ec\" class=\"elementor-video-iframe\" allowfullscreen allow=\"autoplay\" title=\"Lecteur vid\u00e9o vimeo\" src=\"https:\/\/player.vimeo.com\/video\/1175420093?autoplay=1&amp;playsinline=1&amp;color&amp;autopause=0&amp;loop=0&amp;muted=0&amp;title=1&amp;portrait=1&amp;byline=1#t=\"><\/iframe>\t\t<\/div>\n\t\t\t\t\t\t<\/div>\n\t\t\t\t<\/div>\n\t\t\t\t\t<\/div>\n\t\t\t\t<\/div>\n\t\t\t\t<\/div>\n\t\t","protected":false},"excerpt":{"rendered":"<p>Le 18 mars 2026, c&rsquo;\u00e9tait la Journ\u00e9e mondiale du recyclage, et MISAPOR \u00e9tait bien s\u00fbr de la partie ! Nous avons pass\u00e9 une journ\u00e9e bien remplie, et toute l&rsquo;\u00e9quipe MISAPOR a eu le plaisir de participer \u00e0 de superbes actions. Avec un stand d\u2019information \u00e0 la gare de Coire, nous avons profit\u00e9 de cette journ\u00e9e [&hellip;]<\/p>\n","protected":false},"author":4,"featured_media":9598,"comment_status":"closed","ping_status":"closed","sticky":false,"template":"","format":"standard","meta":{"_acf_changed":false,"_relevanssi_hide_post":"","_relevanssi_hide_content":"","_relevanssi_pin_for_all":"","_relevanssi_pin_keywords":"","_relevanssi_unpin_keywords":"","_relevanssi_related_keywords":"","_relevanssi_related_include_ids":"","_relevanssi_related_exclude_ids":"","_relevanssi_related_no_append":"","_relevanssi_related_not_related":"","_relevanssi_related_posts":"7489,7237,6659,6786,7610,7136","_relevanssi_noindex_reason":"","footnotes":""},"categories":[279],"tags":[],"class_list":["post-9568","post","type-post","status-publish","format-standard","has-post-thumbnail","hentry","category-evenements"],"acf":[],"yoast_head":"<!-- This site is optimized with the Yoast SEO plugin v27.2 - https:\/\/yoast.com\/product\/yoast-seo-wordpress\/ -->\n<title>Recycling Day 2026 \u2013 MISAPOR y \u00e9tait ! - Misapor<\/title>\n<meta name=\"robots\" content=\"index, follow, max-snippet:-1, max-image-preview:large, max-video-preview:-1\" \/>\n<link rel=\"canonical\" href=\"https:\/\/www.misapor.ch\/fr\/nous-disons-merci-avec-quelque-chose-de-plein-pour-le-vide-2\/\" \/>\n<meta property=\"og:locale\" content=\"fr_FR\" \/>\n<meta property=\"og:type\" content=\"article\" \/>\n<meta property=\"og:title\" content=\"Recycling Day 2026 \u2013 MISAPOR y \u00e9tait ! - Misapor\" \/>\n<meta property=\"og:description\" content=\"Le 18 mars 2026, c&rsquo;\u00e9tait la Journ\u00e9e mondiale du recyclage, et MISAPOR \u00e9tait bien s\u00fbr de la partie ! Nous avons pass\u00e9 une journ\u00e9e bien remplie, et toute l&rsquo;\u00e9quipe MISAPOR a eu le plaisir de participer \u00e0 de superbes actions. Avec un stand d\u2019information \u00e0 la gare de Coire, nous avons profit\u00e9 de cette journ\u00e9e [&hellip;]\" \/>\n<meta property=\"og:url\" content=\"https:\/\/www.misapor.ch\/fr\/nous-disons-merci-avec-quelque-chose-de-plein-pour-le-vide-2\/\" \/>\n<meta property=\"og:site_name\" content=\"Misapor\" \/>\n<meta property=\"article:published_time\" content=\"2026-03-20T07:48:02+00:00\" \/>\n<meta property=\"article:modified_time\" content=\"2026-03-20T11:31:30+00:00\" \/>\n<meta property=\"og:image\" content=\"https:\/\/www.misapor.ch\/wp-content\/uploads\/newsmeldungen\/2026-03_news_de_recyclingday.png\" \/>\n\t<meta property=\"og:image:width\" content=\"960\" \/>\n\t<meta property=\"og:image:height\" content=\"540\" \/>\n\t<meta property=\"og:image:type\" content=\"image\/png\" \/>\n<meta name=\"author\" content=\"Anne-Katrin Feldmann\" \/>\n<meta name=\"twitter:card\" content=\"summary_large_image\" \/>\n<meta name=\"twitter:label1\" content=\"\u00c9crit par\" \/>\n\t<meta name=\"twitter:data1\" content=\"Anne-Katrin Feldmann\" \/>\n\t<meta name=\"twitter:label2\" content=\"Dur\u00e9e de lecture estim\u00e9e\" \/>\n\t<meta name=\"twitter:data2\" content=\"1 minute\" \/>\n<script type=\"application\/ld+json\" class=\"yoast-schema-graph\">{\"@context\":\"https:\/\/schema.org\",\"@graph\":[{\"@type\":\"Article\",\"@id\":\"https:\/\/www.misapor.ch\/fr\/nous-disons-merci-avec-quelque-chose-de-plein-pour-le-vide-2\/#article\",\"isPartOf\":{\"@id\":\"https:\/\/www.misapor.ch\/fr\/nous-disons-merci-avec-quelque-chose-de-plein-pour-le-vide-2\/\"},\"author\":{\"name\":\"Anne-Katrin Feldmann\",\"@id\":\"https:\/\/www.misapor.ch\/fr\/#\/schema\/person\/fac9d984ab1b2b0f518f754d035711e1\"},\"headline\":\"Recycling Day 2026 \u2013 MISAPOR y \u00e9tait !\",\"datePublished\":\"2026-03-20T07:48:02+00:00\",\"dateModified\":\"2026-03-20T11:31:30+00:00\",\"mainEntityOfPage\":{\"@id\":\"https:\/\/www.misapor.ch\/fr\/nous-disons-merci-avec-quelque-chose-de-plein-pour-le-vide-2\/\"},\"wordCount\":212,\"publisher\":{\"@id\":\"https:\/\/www.misapor.ch\/fr\/#organization\"},\"image\":{\"@id\":\"https:\/\/www.misapor.ch\/fr\/nous-disons-merci-avec-quelque-chose-de-plein-pour-le-vide-2\/#primaryimage\"},\"thumbnailUrl\":\"https:\/\/www.misapor.ch\/wp-content\/uploads\/newsmeldungen\/2026-03_news_de_recyclingday.png\",\"articleSection\":[\"\u00c9v\u00e9nements\"],\"inLanguage\":\"fr-FR\"},{\"@type\":\"WebPage\",\"@id\":\"https:\/\/www.misapor.ch\/fr\/nous-disons-merci-avec-quelque-chose-de-plein-pour-le-vide-2\/\",\"url\":\"https:\/\/www.misapor.ch\/fr\/nous-disons-merci-avec-quelque-chose-de-plein-pour-le-vide-2\/\",\"name\":\"Recycling Day 2026 \u2013 MISAPOR y \u00e9tait ! - Misapor\",\"isPartOf\":{\"@id\":\"https:\/\/www.misapor.ch\/fr\/#website\"},\"primaryImageOfPage\":{\"@id\":\"https:\/\/www.misapor.ch\/fr\/nous-disons-merci-avec-quelque-chose-de-plein-pour-le-vide-2\/#primaryimage\"},\"image\":{\"@id\":\"https:\/\/www.misapor.ch\/fr\/nous-disons-merci-avec-quelque-chose-de-plein-pour-le-vide-2\/#primaryimage\"},\"thumbnailUrl\":\"https:\/\/www.misapor.ch\/wp-content\/uploads\/newsmeldungen\/2026-03_news_de_recyclingday.png\",\"datePublished\":\"2026-03-20T07:48:02+00:00\",\"dateModified\":\"2026-03-20T11:31:30+00:00\",\"breadcrumb\":{\"@id\":\"https:\/\/www.misapor.ch\/fr\/nous-disons-merci-avec-quelque-chose-de-plein-pour-le-vide-2\/#breadcrumb\"},\"inLanguage\":\"fr-FR\",\"potentialAction\":[{\"@type\":\"ReadAction\",\"target\":[\"https:\/\/www.misapor.ch\/fr\/nous-disons-merci-avec-quelque-chose-de-plein-pour-le-vide-2\/\"]}]},{\"@type\":\"ImageObject\",\"inLanguage\":\"fr-FR\",\"@id\":\"https:\/\/www.misapor.ch\/fr\/nous-disons-merci-avec-quelque-chose-de-plein-pour-le-vide-2\/#primaryimage\",\"url\":\"https:\/\/www.misapor.ch\/wp-content\/uploads\/newsmeldungen\/2026-03_news_de_recyclingday.png\",\"contentUrl\":\"https:\/\/www.misapor.ch\/wp-content\/uploads\/newsmeldungen\/2026-03_news_de_recyclingday.png\",\"width\":960,\"height\":540,\"caption\":\"Recycling Day 2026\"},{\"@type\":\"BreadcrumbList\",\"@id\":\"https:\/\/www.misapor.ch\/fr\/nous-disons-merci-avec-quelque-chose-de-plein-pour-le-vide-2\/#breadcrumb\",\"itemListElement\":[{\"@type\":\"ListItem\",\"position\":1,\"name\":\"Startseite\",\"item\":\"https:\/\/www.misapor.ch\/fr\/\"},{\"@type\":\"ListItem\",\"position\":2,\"name\":\"Recycling Day 2026 \u2013 MISAPOR y \u00e9tait !\"}]},{\"@type\":\"WebSite\",\"@id\":\"https:\/\/www.misapor.ch\/fr\/#website\",\"url\":\"https:\/\/www.misapor.ch\/fr\/\",\"name\":\"Misapor\",\"description\":\"\",\"publisher\":{\"@id\":\"https:\/\/www.misapor.ch\/fr\/#organization\"},\"potentialAction\":[{\"@type\":\"SearchAction\",\"target\":{\"@type\":\"EntryPoint\",\"urlTemplate\":\"https:\/\/www.misapor.ch\/fr\/?s={search_term_string}\"},\"query-input\":{\"@type\":\"PropertyValueSpecification\",\"valueRequired\":true,\"valueName\":\"search_term_string\"}}],\"inLanguage\":\"fr-FR\"},{\"@type\":\"Organization\",\"@id\":\"https:\/\/www.misapor.ch\/fr\/#organization\",\"name\":\"Misapor\",\"url\":\"https:\/\/www.misapor.ch\/fr\/\",\"logo\":{\"@type\":\"ImageObject\",\"inLanguage\":\"fr-FR\",\"@id\":\"https:\/\/www.misapor.ch\/fr\/#\/schema\/logo\/image\/\",\"url\":\"https:\/\/www.misapor.ch\/wp-content\/uploads\/system\/logo\/Logo_cmyk.svg\",\"contentUrl\":\"https:\/\/www.misapor.ch\/wp-content\/uploads\/system\/logo\/Logo_cmyk.svg\",\"width\":265,\"height\":49,\"caption\":\"Misapor\"},\"image\":{\"@id\":\"https:\/\/www.misapor.ch\/fr\/#\/schema\/logo\/image\/\"}},{\"@type\":\"Person\",\"@id\":\"https:\/\/www.misapor.ch\/fr\/#\/schema\/person\/fac9d984ab1b2b0f518f754d035711e1\",\"name\":\"Anne-Katrin Feldmann\",\"image\":{\"@type\":\"ImageObject\",\"inLanguage\":\"fr-FR\",\"@id\":\"https:\/\/secure.gravatar.com\/avatar\/156b05fdd4baf8f1104fac88a421b9078bc02d52b31f7e9651104ca2339d91ec?s=96&d=mm&r=g\",\"url\":\"https:\/\/secure.gravatar.com\/avatar\/156b05fdd4baf8f1104fac88a421b9078bc02d52b31f7e9651104ca2339d91ec?s=96&d=mm&r=g\",\"contentUrl\":\"https:\/\/secure.gravatar.com\/avatar\/156b05fdd4baf8f1104fac88a421b9078bc02d52b31f7e9651104ca2339d91ec?s=96&d=mm&r=g\",\"caption\":\"Anne-Katrin Feldmann\"}}]}<\/script>\n<!-- \/ Yoast SEO plugin. -->","yoast_head_json":{"title":"Recycling Day 2026 \u2013 MISAPOR y \u00e9tait ! - Misapor","robots":{"index":"index","follow":"follow","max-snippet":"max-snippet:-1","max-image-preview":"max-image-preview:large","max-video-preview":"max-video-preview:-1"},"canonical":"https:\/\/www.misapor.ch\/fr\/nous-disons-merci-avec-quelque-chose-de-plein-pour-le-vide-2\/","og_locale":"fr_FR","og_type":"article","og_title":"Recycling Day 2026 \u2013 MISAPOR y \u00e9tait ! - Misapor","og_description":"Le 18 mars 2026, c&rsquo;\u00e9tait la Journ\u00e9e mondiale du recyclage, et MISAPOR \u00e9tait bien s\u00fbr de la partie ! Nous avons pass\u00e9 une journ\u00e9e bien remplie, et toute l&rsquo;\u00e9quipe MISAPOR a eu le plaisir de participer \u00e0 de superbes actions. Avec un stand d\u2019information \u00e0 la gare de Coire, nous avons profit\u00e9 de cette journ\u00e9e [&hellip;]","og_url":"https:\/\/www.misapor.ch\/fr\/nous-disons-merci-avec-quelque-chose-de-plein-pour-le-vide-2\/","og_site_name":"Misapor","article_published_time":"2026-03-20T07:48:02+00:00","article_modified_time":"2026-03-20T11:31:30+00:00","og_image":[{"width":960,"height":540,"url":"https:\/\/www.misapor.ch\/wp-content\/uploads\/newsmeldungen\/2026-03_news_de_recyclingday.png","type":"image\/png"}],"author":"Anne-Katrin Feldmann","twitter_card":"summary_large_image","twitter_misc":{"\u00c9crit par":"Anne-Katrin Feldmann","Dur\u00e9e de lecture estim\u00e9e":"1 minute"},"schema":{"@context":"https:\/\/schema.org","@graph":[{"@type":"Article","@id":"https:\/\/www.misapor.ch\/fr\/nous-disons-merci-avec-quelque-chose-de-plein-pour-le-vide-2\/#article","isPartOf":{"@id":"https:\/\/www.misapor.ch\/fr\/nous-disons-merci-avec-quelque-chose-de-plein-pour-le-vide-2\/"},"author":{"name":"Anne-Katrin Feldmann","@id":"https:\/\/www.misapor.ch\/fr\/#\/schema\/person\/fac9d984ab1b2b0f518f754d035711e1"},"headline":"Recycling Day 2026 \u2013 MISAPOR y \u00e9tait !","datePublished":"2026-03-20T07:48:02+00:00","dateModified":"2026-03-20T11:31:30+00:00","mainEntityOfPage":{"@id":"https:\/\/www.misapor.ch\/fr\/nous-disons-merci-avec-quelque-chose-de-plein-pour-le-vide-2\/"},"wordCount":212,"publisher":{"@id":"https:\/\/www.misapor.ch\/fr\/#organization"},"image":{"@id":"https:\/\/www.misapor.ch\/fr\/nous-disons-merci-avec-quelque-chose-de-plein-pour-le-vide-2\/#primaryimage"},"thumbnailUrl":"https:\/\/www.misapor.ch\/wp-content\/uploads\/newsmeldungen\/2026-03_news_de_recyclingday.png","articleSection":["\u00c9v\u00e9nements"],"inLanguage":"fr-FR"},{"@type":"WebPage","@id":"https:\/\/www.misapor.ch\/fr\/nous-disons-merci-avec-quelque-chose-de-plein-pour-le-vide-2\/","url":"https:\/\/www.misapor.ch\/fr\/nous-disons-merci-avec-quelque-chose-de-plein-pour-le-vide-2\/","name":"Recycling Day 2026 \u2013 MISAPOR y \u00e9tait ! - Misapor","isPartOf":{"@id":"https:\/\/www.misapor.ch\/fr\/#website"},"primaryImageOfPage":{"@id":"https:\/\/www.misapor.ch\/fr\/nous-disons-merci-avec-quelque-chose-de-plein-pour-le-vide-2\/#primaryimage"},"image":{"@id":"https:\/\/www.misapor.ch\/fr\/nous-disons-merci-avec-quelque-chose-de-plein-pour-le-vide-2\/#primaryimage"},"thumbnailUrl":"https:\/\/www.misapor.ch\/wp-content\/uploads\/newsmeldungen\/2026-03_news_de_recyclingday.png","datePublished":"2026-03-20T07:48:02+00:00","dateModified":"2026-03-20T11:31:30+00:00","breadcrumb":{"@id":"https:\/\/www.misapor.ch\/fr\/nous-disons-merci-avec-quelque-chose-de-plein-pour-le-vide-2\/#breadcrumb"},"inLanguage":"fr-FR","potentialAction":[{"@type":"ReadAction","target":["https:\/\/www.misapor.ch\/fr\/nous-disons-merci-avec-quelque-chose-de-plein-pour-le-vide-2\/"]}]},{"@type":"ImageObject","inLanguage":"fr-FR","@id":"https:\/\/www.misapor.ch\/fr\/nous-disons-merci-avec-quelque-chose-de-plein-pour-le-vide-2\/#primaryimage","url":"https:\/\/www.misapor.ch\/wp-content\/uploads\/newsmeldungen\/2026-03_news_de_recyclingday.png","contentUrl":"https:\/\/www.misapor.ch\/wp-content\/uploads\/newsmeldungen\/2026-03_news_de_recyclingday.png","width":960,"height":540,"caption":"Recycling Day 2026"},{"@type":"BreadcrumbList","@id":"https:\/\/www.misapor.ch\/fr\/nous-disons-merci-avec-quelque-chose-de-plein-pour-le-vide-2\/#breadcrumb","itemListElement":[{"@type":"ListItem","position":1,"name":"Startseite","item":"https:\/\/www.misapor.ch\/fr\/"},{"@type":"ListItem","position":2,"name":"Recycling Day 2026 \u2013 MISAPOR y \u00e9tait !"}]},{"@type":"WebSite","@id":"https:\/\/www.misapor.ch\/fr\/#website","url":"https:\/\/www.misapor.ch\/fr\/","name":"Misapor","description":"","publisher":{"@id":"https:\/\/www.misapor.ch\/fr\/#organization"},"potentialAction":[{"@type":"SearchAction","target":{"@type":"EntryPoint","urlTemplate":"https:\/\/www.misapor.ch\/fr\/?s={search_term_string}"},"query-input":{"@type":"PropertyValueSpecification","valueRequired":true,"valueName":"search_term_string"}}],"inLanguage":"fr-FR"},{"@type":"Organization","@id":"https:\/\/www.misapor.ch\/fr\/#organization","name":"Misapor","url":"https:\/\/www.misapor.ch\/fr\/","logo":{"@type":"ImageObject","inLanguage":"fr-FR","@id":"https:\/\/www.misapor.ch\/fr\/#\/schema\/logo\/image\/","url":"https:\/\/www.misapor.ch\/wp-content\/uploads\/system\/logo\/Logo_cmyk.svg","contentUrl":"https:\/\/www.misapor.ch\/wp-content\/uploads\/system\/logo\/Logo_cmyk.svg","width":265,"height":49,"caption":"Misapor"},"image":{"@id":"https:\/\/www.misapor.ch\/fr\/#\/schema\/logo\/image\/"}},{"@type":"Person","@id":"https:\/\/www.misapor.ch\/fr\/#\/schema\/person\/fac9d984ab1b2b0f518f754d035711e1","name":"Anne-Katrin Feldmann","image":{"@type":"ImageObject","inLanguage":"fr-FR","@id":"https:\/\/secure.gravatar.com\/avatar\/156b05fdd4baf8f1104fac88a421b9078bc02d52b31f7e9651104ca2339d91ec?s=96&d=mm&r=g","url":"https:\/\/secure.gravatar.com\/avatar\/156b05fdd4baf8f1104fac88a421b9078bc02d52b31f7e9651104ca2339d91ec?s=96&d=mm&r=g","contentUrl":"https:\/\/secure.gravatar.com\/avatar\/156b05fdd4baf8f1104fac88a421b9078bc02d52b31f7e9651104ca2339d91ec?s=96&d=mm&r=g","caption":"Anne-Katrin Feldmann"}}]}},"_links":{"self":[{"href":"https:\/\/www.misapor.ch\/fr\/wp-json\/wp\/v2\/posts\/9568","targetHints":{"allow":["GET"]}}],"collection":[{"href":"https:\/\/www.misapor.ch\/fr\/wp-json\/wp\/v2\/posts"}],"about":[{"href":"https:\/\/www.misapor.ch\/fr\/wp-json\/wp\/v2\/types\/post"}],"author":[{"embeddable":true,"href":"https:\/\/www.misapor.ch\/fr\/wp-json\/wp\/v2\/users\/4"}],"replies":[{"embeddable":true,"href":"https:\/\/www.misapor.ch\/fr\/wp-json\/wp\/v2\/comments?post=9568"}],"version-history":[{"count":5,"href":"https:\/\/www.misapor.ch\/fr\/wp-json\/wp\/v2\/posts\/9568\/revisions"}],"predecessor-version":[{"id":9606,"href":"https:\/\/www.misapor.ch\/fr\/wp-json\/wp\/v2\/posts\/9568\/revisions\/9606"}],"wp:featuredmedia":[{"embeddable":true,"href":"https:\/\/www.misapor.ch\/fr\/wp-json\/wp\/v2\/media\/9598"}],"wp:attachment":[{"href":"https:\/\/www.misapor.ch\/fr\/wp-json\/wp\/v2\/media?parent=9568"}],"wp:term":[{"taxonomy":"category","embeddable":true,"href":"https:\/\/www.misapor.ch\/fr\/wp-json\/wp\/v2\/categories?post=9568"},{"taxonomy":"post_tag","embeddable":true,"href":"https:\/\/www.misapor.ch\/fr\/wp-json\/wp\/v2\/tags?post=9568"}],"curies":[{"name":"wp","href":"https:\/\/api.w.org\/{rel}","templated":true}]}}