{"id":9508,"date":"2026-03-13T08:37:29","date_gmt":"2026-03-13T07:37:29","guid":{"rendered":"https:\/\/www.misapor.ch\/?p=9508"},"modified":"2026-03-13T08:54:05","modified_gmt":"2026-03-13T07:54:05","slug":"heures-douverture-noel-2025-2","status":"publish","type":"post","link":"https:\/\/www.misapor.ch\/fr\/heures-douverture-noel-2025-2\/","title":{"rendered":"La nouvelle Liste de prix est disponible"},"content":{"rendered":"\t\t<div data-elementor-type=\"wp-post\" data-elementor-id=\"9508\" class=\"elementor elementor-9508 elementor-9507\" data-elementor-post-type=\"post\">\n\t\t\t\t<div class=\"elementor-element elementor-element-671ea347 e-flex e-con-boxed e-con e-parent\" data-id=\"671ea347\" data-element_type=\"container\" data-e-type=\"container\">\n\t\t\t\t\t<div class=\"e-con-inner\">\n\t\t\t\t<div class=\"elementor-element elementor-element-f03af7e leadtext elementor-widget elementor-widget-text-editor\" data-id=\"f03af7e\" data-element_type=\"widget\" data-e-type=\"widget\" data-widget_type=\"text-editor.default\">\n\t\t\t\t<div class=\"elementor-widget-container\">\n\t\t\t\t\t\t\t\t\t<p>Tr\u00e8s instructif, clair et bien structur\u00e9 !<\/p>\t\t\t\t\t\t\t\t<\/div>\n\t\t\t\t<\/div>\n\t\t\t\t<div class=\"elementor-element elementor-element-43a7c17e elementor-widget elementor-widget-text-editor\" data-id=\"43a7c17e\" data-element_type=\"widget\" data-e-type=\"widget\" data-widget_type=\"text-editor.default\">\n\t\t\t\t<div class=\"elementor-widget-container\">\n\t\t\t\t\t\t\t\t\t<p>La nouvelle liste de prix MISAPOR est d\u00e9sormais disponible dans notre <a href=\"https:\/\/www.misapor.ch\/fr\/centre-de-telechargement\/\">centre de t\u00e9l\u00e9chargement<\/a>.<\/p><p>Elle est clairement structur\u00e9e par application et contient \u00e9galement des informations sur les services et les transports, afin que vous puissiez travailler encore plus facilement avec MISAPOR.<\/p><p>Pour plus d&rsquo;informations ou pour conna\u00eetre les conditions individuelles, notre service commercial se tient \u00e0 votre disposition.<\/p>\t\t\t\t\t\t\t\t<\/div>\n\t\t\t\t<\/div>\n\t\t\t\t\t<\/div>\n\t\t\t\t<\/div>\n\t\t<div class=\"elementor-element elementor-element-233b708c e-flex e-con-boxed e-con e-parent\" data-id=\"233b708c\" data-element_type=\"container\" data-e-type=\"container\">\n\t\t\t\t\t<div class=\"e-con-inner\">\n\t\t\t\t\t<\/div>\n\t\t\t\t<\/div>\n\t\t\t\t<\/div>\n\t\t","protected":false},"excerpt":{"rendered":"<p>Tr\u00e8s instructif, clair et bien structur\u00e9 ! La nouvelle liste de prix MISAPOR est d\u00e9sormais disponible dans notre centre de t\u00e9l\u00e9chargement. Elle est clairement structur\u00e9e par application et contient \u00e9galement des informations sur les services et les transports, afin que vous puissiez travailler encore plus facilement avec MISAPOR. Pour plus d&rsquo;informations ou pour conna\u00eetre les [&hellip;]<\/p>\n","protected":false},"author":4,"featured_media":9512,"comment_status":"closed","ping_status":"closed","sticky":false,"template":"","format":"standard","meta":{"_acf_changed":false,"_relevanssi_hide_post":"","_relevanssi_hide_content":"","_relevanssi_pin_for_all":"","_relevanssi_pin_keywords":"misapor schaumglasschotter heute altglas morgen baustoff misapor prinzip upcycling altglas kreislaufwirtschaft nachhaltig bauen ","_relevanssi_unpin_keywords":"","_relevanssi_related_keywords":"","_relevanssi_related_include_ids":"","_relevanssi_related_exclude_ids":"","_relevanssi_related_no_append":"","_relevanssi_related_not_related":"","_relevanssi_related_posts":"7489,7237,6659,6786,7610,7136","_relevanssi_noindex_reason":"","footnotes":""},"categories":[281],"tags":[],"class_list":["post-9508","post","type-post","status-publish","format-standard","has-post-thumbnail","hentry","category-entreprise"],"acf":[],"yoast_head":"<!-- This site is optimized with the Yoast SEO plugin v27.2 - https:\/\/yoast.com\/product\/yoast-seo-wordpress\/ -->\n<title>La nouvelle Liste de prix est disponible - Misapor<\/title>\n<meta name=\"robots\" content=\"index, follow, max-snippet:-1, max-image-preview:large, max-video-preview:-1\" \/>\n<link rel=\"canonical\" href=\"https:\/\/www.misapor.ch\/fr\/heures-douverture-noel-2025-2\/\" \/>\n<meta property=\"og:locale\" content=\"fr_FR\" \/>\n<meta property=\"og:type\" content=\"article\" \/>\n<meta property=\"og:title\" content=\"La nouvelle Liste de prix est disponible - Misapor\" \/>\n<meta property=\"og:description\" content=\"Tr\u00e8s instructif, clair et bien structur\u00e9 ! La nouvelle liste de prix MISAPOR est d\u00e9sormais disponible dans notre centre de t\u00e9l\u00e9chargement. Elle est clairement structur\u00e9e par application et contient \u00e9galement des informations sur les services et les transports, afin que vous puissiez travailler encore plus facilement avec MISAPOR. Pour plus d&rsquo;informations ou pour conna\u00eetre les [&hellip;]\" \/>\n<meta property=\"og:url\" content=\"https:\/\/www.misapor.ch\/fr\/heures-douverture-noel-2025-2\/\" \/>\n<meta property=\"og:site_name\" content=\"Misapor\" \/>\n<meta property=\"article:published_time\" content=\"2026-03-13T07:37:29+00:00\" \/>\n<meta property=\"article:modified_time\" content=\"2026-03-13T07:54:05+00:00\" \/>\n<meta property=\"og:image\" content=\"https:\/\/www.misapor.ch\/wp-content\/uploads\/newsmeldungen\/2026-03_webseite_news_preisliste_fr_1920x1080px.png\" \/>\n\t<meta property=\"og:image:width\" content=\"1134\" \/>\n\t<meta property=\"og:image:height\" content=\"638\" \/>\n\t<meta property=\"og:image:type\" content=\"image\/png\" \/>\n<meta name=\"author\" content=\"Anne-Katrin Feldmann\" \/>\n<meta name=\"twitter:card\" content=\"summary_large_image\" \/>\n<meta name=\"twitter:label1\" content=\"\u00c9crit par\" \/>\n\t<meta name=\"twitter:data1\" content=\"Anne-Katrin Feldmann\" \/>\n\t<meta name=\"twitter:label2\" content=\"Dur\u00e9e de lecture estim\u00e9e\" \/>\n\t<meta name=\"twitter:data2\" content=\"1 minute\" \/>\n<script type=\"application\/ld+json\" class=\"yoast-schema-graph\">{\"@context\":\"https:\/\/schema.org\",\"@graph\":[{\"@type\":\"Article\",\"@id\":\"https:\/\/www.misapor.ch\/fr\/heures-douverture-noel-2025-2\/#article\",\"isPartOf\":{\"@id\":\"https:\/\/www.misapor.ch\/fr\/heures-douverture-noel-2025-2\/\"},\"author\":{\"name\":\"Anne-Katrin Feldmann\",\"@id\":\"https:\/\/www.misapor.ch\/fr\/#\/schema\/person\/fac9d984ab1b2b0f518f754d035711e1\"},\"headline\":\"La nouvelle Liste de prix est disponible\",\"datePublished\":\"2026-03-13T07:37:29+00:00\",\"dateModified\":\"2026-03-13T07:54:05+00:00\",\"mainEntityOfPage\":{\"@id\":\"https:\/\/www.misapor.ch\/fr\/heures-douverture-noel-2025-2\/\"},\"wordCount\":77,\"publisher\":{\"@id\":\"https:\/\/www.misapor.ch\/fr\/#organization\"},\"image\":{\"@id\":\"https:\/\/www.misapor.ch\/fr\/heures-douverture-noel-2025-2\/#primaryimage\"},\"thumbnailUrl\":\"https:\/\/www.misapor.ch\/wp-content\/uploads\/newsmeldungen\/2026-03_webseite_news_preisliste_fr_1920x1080px.png\",\"articleSection\":[\"Entreprise\"],\"inLanguage\":\"fr-FR\"},{\"@type\":\"WebPage\",\"@id\":\"https:\/\/www.misapor.ch\/fr\/heures-douverture-noel-2025-2\/\",\"url\":\"https:\/\/www.misapor.ch\/fr\/heures-douverture-noel-2025-2\/\",\"name\":\"La nouvelle Liste de prix est disponible - Misapor\",\"isPartOf\":{\"@id\":\"https:\/\/www.misapor.ch\/fr\/#website\"},\"primaryImageOfPage\":{\"@id\":\"https:\/\/www.misapor.ch\/fr\/heures-douverture-noel-2025-2\/#primaryimage\"},\"image\":{\"@id\":\"https:\/\/www.misapor.ch\/fr\/heures-douverture-noel-2025-2\/#primaryimage\"},\"thumbnailUrl\":\"https:\/\/www.misapor.ch\/wp-content\/uploads\/newsmeldungen\/2026-03_webseite_news_preisliste_fr_1920x1080px.png\",\"datePublished\":\"2026-03-13T07:37:29+00:00\",\"dateModified\":\"2026-03-13T07:54:05+00:00\",\"breadcrumb\":{\"@id\":\"https:\/\/www.misapor.ch\/fr\/heures-douverture-noel-2025-2\/#breadcrumb\"},\"inLanguage\":\"fr-FR\",\"potentialAction\":[{\"@type\":\"ReadAction\",\"target\":[\"https:\/\/www.misapor.ch\/fr\/heures-douverture-noel-2025-2\/\"]}]},{\"@type\":\"ImageObject\",\"inLanguage\":\"fr-FR\",\"@id\":\"https:\/\/www.misapor.ch\/fr\/heures-douverture-noel-2025-2\/#primaryimage\",\"url\":\"https:\/\/www.misapor.ch\/wp-content\/uploads\/newsmeldungen\/2026-03_webseite_news_preisliste_fr_1920x1080px.png\",\"contentUrl\":\"https:\/\/www.misapor.ch\/wp-content\/uploads\/newsmeldungen\/2026-03_webseite_news_preisliste_fr_1920x1080px.png\",\"width\":1134,\"height\":638,\"caption\":\"MISAPOR Liste des prix 2026\"},{\"@type\":\"BreadcrumbList\",\"@id\":\"https:\/\/www.misapor.ch\/fr\/heures-douverture-noel-2025-2\/#breadcrumb\",\"itemListElement\":[{\"@type\":\"ListItem\",\"position\":1,\"name\":\"Startseite\",\"item\":\"https:\/\/www.misapor.ch\/fr\/\"},{\"@type\":\"ListItem\",\"position\":2,\"name\":\"La nouvelle Liste de prix est disponible\"}]},{\"@type\":\"WebSite\",\"@id\":\"https:\/\/www.misapor.ch\/fr\/#website\",\"url\":\"https:\/\/www.misapor.ch\/fr\/\",\"name\":\"Misapor\",\"description\":\"\",\"publisher\":{\"@id\":\"https:\/\/www.misapor.ch\/fr\/#organization\"},\"potentialAction\":[{\"@type\":\"SearchAction\",\"target\":{\"@type\":\"EntryPoint\",\"urlTemplate\":\"https:\/\/www.misapor.ch\/fr\/?s={search_term_string}\"},\"query-input\":{\"@type\":\"PropertyValueSpecification\",\"valueRequired\":true,\"valueName\":\"search_term_string\"}}],\"inLanguage\":\"fr-FR\"},{\"@type\":\"Organization\",\"@id\":\"https:\/\/www.misapor.ch\/fr\/#organization\",\"name\":\"Misapor\",\"url\":\"https:\/\/www.misapor.ch\/fr\/\",\"logo\":{\"@type\":\"ImageObject\",\"inLanguage\":\"fr-FR\",\"@id\":\"https:\/\/www.misapor.ch\/fr\/#\/schema\/logo\/image\/\",\"url\":\"https:\/\/www.misapor.ch\/wp-content\/uploads\/system\/logo\/Logo_cmyk.svg\",\"contentUrl\":\"https:\/\/www.misapor.ch\/wp-content\/uploads\/system\/logo\/Logo_cmyk.svg\",\"width\":265,\"height\":49,\"caption\":\"Misapor\"},\"image\":{\"@id\":\"https:\/\/www.misapor.ch\/fr\/#\/schema\/logo\/image\/\"}},{\"@type\":\"Person\",\"@id\":\"https:\/\/www.misapor.ch\/fr\/#\/schema\/person\/fac9d984ab1b2b0f518f754d035711e1\",\"name\":\"Anne-Katrin Feldmann\",\"image\":{\"@type\":\"ImageObject\",\"inLanguage\":\"fr-FR\",\"@id\":\"https:\/\/secure.gravatar.com\/avatar\/156b05fdd4baf8f1104fac88a421b9078bc02d52b31f7e9651104ca2339d91ec?s=96&d=mm&r=g\",\"url\":\"https:\/\/secure.gravatar.com\/avatar\/156b05fdd4baf8f1104fac88a421b9078bc02d52b31f7e9651104ca2339d91ec?s=96&d=mm&r=g\",\"contentUrl\":\"https:\/\/secure.gravatar.com\/avatar\/156b05fdd4baf8f1104fac88a421b9078bc02d52b31f7e9651104ca2339d91ec?s=96&d=mm&r=g\",\"caption\":\"Anne-Katrin Feldmann\"}}]}<\/script>\n<!-- \/ Yoast SEO plugin. -->","yoast_head_json":{"title":"La nouvelle Liste de prix est disponible - Misapor","robots":{"index":"index","follow":"follow","max-snippet":"max-snippet:-1","max-image-preview":"max-image-preview:large","max-video-preview":"max-video-preview:-1"},"canonical":"https:\/\/www.misapor.ch\/fr\/heures-douverture-noel-2025-2\/","og_locale":"fr_FR","og_type":"article","og_title":"La nouvelle Liste de prix est disponible - Misapor","og_description":"Tr\u00e8s instructif, clair et bien structur\u00e9 ! La nouvelle liste de prix MISAPOR est d\u00e9sormais disponible dans notre centre de t\u00e9l\u00e9chargement. Elle est clairement structur\u00e9e par application et contient \u00e9galement des informations sur les services et les transports, afin que vous puissiez travailler encore plus facilement avec MISAPOR. Pour plus d&rsquo;informations ou pour conna\u00eetre les [&hellip;]","og_url":"https:\/\/www.misapor.ch\/fr\/heures-douverture-noel-2025-2\/","og_site_name":"Misapor","article_published_time":"2026-03-13T07:37:29+00:00","article_modified_time":"2026-03-13T07:54:05+00:00","og_image":[{"width":1134,"height":638,"url":"https:\/\/www.misapor.ch\/wp-content\/uploads\/newsmeldungen\/2026-03_webseite_news_preisliste_fr_1920x1080px.png","type":"image\/png"}],"author":"Anne-Katrin Feldmann","twitter_card":"summary_large_image","twitter_misc":{"\u00c9crit par":"Anne-Katrin Feldmann","Dur\u00e9e de lecture estim\u00e9e":"1 minute"},"schema":{"@context":"https:\/\/schema.org","@graph":[{"@type":"Article","@id":"https:\/\/www.misapor.ch\/fr\/heures-douverture-noel-2025-2\/#article","isPartOf":{"@id":"https:\/\/www.misapor.ch\/fr\/heures-douverture-noel-2025-2\/"},"author":{"name":"Anne-Katrin Feldmann","@id":"https:\/\/www.misapor.ch\/fr\/#\/schema\/person\/fac9d984ab1b2b0f518f754d035711e1"},"headline":"La nouvelle Liste de prix est disponible","datePublished":"2026-03-13T07:37:29+00:00","dateModified":"2026-03-13T07:54:05+00:00","mainEntityOfPage":{"@id":"https:\/\/www.misapor.ch\/fr\/heures-douverture-noel-2025-2\/"},"wordCount":77,"publisher":{"@id":"https:\/\/www.misapor.ch\/fr\/#organization"},"image":{"@id":"https:\/\/www.misapor.ch\/fr\/heures-douverture-noel-2025-2\/#primaryimage"},"thumbnailUrl":"https:\/\/www.misapor.ch\/wp-content\/uploads\/newsmeldungen\/2026-03_webseite_news_preisliste_fr_1920x1080px.png","articleSection":["Entreprise"],"inLanguage":"fr-FR"},{"@type":"WebPage","@id":"https:\/\/www.misapor.ch\/fr\/heures-douverture-noel-2025-2\/","url":"https:\/\/www.misapor.ch\/fr\/heures-douverture-noel-2025-2\/","name":"La nouvelle Liste de prix est disponible - Misapor","isPartOf":{"@id":"https:\/\/www.misapor.ch\/fr\/#website"},"primaryImageOfPage":{"@id":"https:\/\/www.misapor.ch\/fr\/heures-douverture-noel-2025-2\/#primaryimage"},"image":{"@id":"https:\/\/www.misapor.ch\/fr\/heures-douverture-noel-2025-2\/#primaryimage"},"thumbnailUrl":"https:\/\/www.misapor.ch\/wp-content\/uploads\/newsmeldungen\/2026-03_webseite_news_preisliste_fr_1920x1080px.png","datePublished":"2026-03-13T07:37:29+00:00","dateModified":"2026-03-13T07:54:05+00:00","breadcrumb":{"@id":"https:\/\/www.misapor.ch\/fr\/heures-douverture-noel-2025-2\/#breadcrumb"},"inLanguage":"fr-FR","potentialAction":[{"@type":"ReadAction","target":["https:\/\/www.misapor.ch\/fr\/heures-douverture-noel-2025-2\/"]}]},{"@type":"ImageObject","inLanguage":"fr-FR","@id":"https:\/\/www.misapor.ch\/fr\/heures-douverture-noel-2025-2\/#primaryimage","url":"https:\/\/www.misapor.ch\/wp-content\/uploads\/newsmeldungen\/2026-03_webseite_news_preisliste_fr_1920x1080px.png","contentUrl":"https:\/\/www.misapor.ch\/wp-content\/uploads\/newsmeldungen\/2026-03_webseite_news_preisliste_fr_1920x1080px.png","width":1134,"height":638,"caption":"MISAPOR Liste des prix 2026"},{"@type":"BreadcrumbList","@id":"https:\/\/www.misapor.ch\/fr\/heures-douverture-noel-2025-2\/#breadcrumb","itemListElement":[{"@type":"ListItem","position":1,"name":"Startseite","item":"https:\/\/www.misapor.ch\/fr\/"},{"@type":"ListItem","position":2,"name":"La nouvelle Liste de prix est disponible"}]},{"@type":"WebSite","@id":"https:\/\/www.misapor.ch\/fr\/#website","url":"https:\/\/www.misapor.ch\/fr\/","name":"Misapor","description":"","publisher":{"@id":"https:\/\/www.misapor.ch\/fr\/#organization"},"potentialAction":[{"@type":"SearchAction","target":{"@type":"EntryPoint","urlTemplate":"https:\/\/www.misapor.ch\/fr\/?s={search_term_string}"},"query-input":{"@type":"PropertyValueSpecification","valueRequired":true,"valueName":"search_term_string"}}],"inLanguage":"fr-FR"},{"@type":"Organization","@id":"https:\/\/www.misapor.ch\/fr\/#organization","name":"Misapor","url":"https:\/\/www.misapor.ch\/fr\/","logo":{"@type":"ImageObject","inLanguage":"fr-FR","@id":"https:\/\/www.misapor.ch\/fr\/#\/schema\/logo\/image\/","url":"https:\/\/www.misapor.ch\/wp-content\/uploads\/system\/logo\/Logo_cmyk.svg","contentUrl":"https:\/\/www.misapor.ch\/wp-content\/uploads\/system\/logo\/Logo_cmyk.svg","width":265,"height":49,"caption":"Misapor"},"image":{"@id":"https:\/\/www.misapor.ch\/fr\/#\/schema\/logo\/image\/"}},{"@type":"Person","@id":"https:\/\/www.misapor.ch\/fr\/#\/schema\/person\/fac9d984ab1b2b0f518f754d035711e1","name":"Anne-Katrin Feldmann","image":{"@type":"ImageObject","inLanguage":"fr-FR","@id":"https:\/\/secure.gravatar.com\/avatar\/156b05fdd4baf8f1104fac88a421b9078bc02d52b31f7e9651104ca2339d91ec?s=96&d=mm&r=g","url":"https:\/\/secure.gravatar.com\/avatar\/156b05fdd4baf8f1104fac88a421b9078bc02d52b31f7e9651104ca2339d91ec?s=96&d=mm&r=g","contentUrl":"https:\/\/secure.gravatar.com\/avatar\/156b05fdd4baf8f1104fac88a421b9078bc02d52b31f7e9651104ca2339d91ec?s=96&d=mm&r=g","caption":"Anne-Katrin Feldmann"}}]}},"_links":{"self":[{"href":"https:\/\/www.misapor.ch\/fr\/wp-json\/wp\/v2\/posts\/9508","targetHints":{"allow":["GET"]}}],"collection":[{"href":"https:\/\/www.misapor.ch\/fr\/wp-json\/wp\/v2\/posts"}],"about":[{"href":"https:\/\/www.misapor.ch\/fr\/wp-json\/wp\/v2\/types\/post"}],"author":[{"embeddable":true,"href":"https:\/\/www.misapor.ch\/fr\/wp-json\/wp\/v2\/users\/4"}],"replies":[{"embeddable":true,"href":"https:\/\/www.misapor.ch\/fr\/wp-json\/wp\/v2\/comments?post=9508"}],"version-history":[{"count":8,"href":"https:\/\/www.misapor.ch\/fr\/wp-json\/wp\/v2\/posts\/9508\/revisions"}],"predecessor-version":[{"id":9528,"href":"https:\/\/www.misapor.ch\/fr\/wp-json\/wp\/v2\/posts\/9508\/revisions\/9528"}],"wp:featuredmedia":[{"embeddable":true,"href":"https:\/\/www.misapor.ch\/fr\/wp-json\/wp\/v2\/media\/9512"}],"wp:attachment":[{"href":"https:\/\/www.misapor.ch\/fr\/wp-json\/wp\/v2\/media?parent=9508"}],"wp:term":[{"taxonomy":"category","embeddable":true,"href":"https:\/\/www.misapor.ch\/fr\/wp-json\/wp\/v2\/categories?post=9508"},{"taxonomy":"post_tag","embeddable":true,"href":"https:\/\/www.misapor.ch\/fr\/wp-json\/wp\/v2\/tags?post=9508"}],"curies":[{"name":"wp","href":"https:\/\/api.w.org\/{rel}","templated":true}]}}