{"id":9321,"date":"2026-03-05T12:27:10","date_gmt":"2026-03-05T11:27:10","guid":{"rendered":"https:\/\/www.misapor.ch\/?p=9321"},"modified":"2026-03-05T13:01:28","modified_gmt":"2026-03-05T12:01:28","slug":"nous-disons-merci-avec-quelque-chose-de-plein-pour-le-vide","status":"publish","type":"post","link":"https:\/\/www.misapor.ch\/fr\/nous-disons-merci-avec-quelque-chose-de-plein-pour-le-vide\/","title":{"rendered":"Quelque chose de plein pour le vide \u00e0 la gare de Coire"},"content":{"rendered":"\t\t<div data-elementor-type=\"wp-post\" data-elementor-id=\"9321\" class=\"elementor elementor-9321 elementor-9320\" data-elementor-post-type=\"post\">\n\t\t\t\t<div class=\"elementor-element elementor-element-671ea347 e-flex e-con-boxed e-con e-parent\" data-id=\"671ea347\" data-element_type=\"container\" data-e-type=\"container\">\n\t\t\t\t\t<div class=\"e-con-inner\">\n\t\t\t\t<div class=\"elementor-element elementor-element-f03af7e leadtext elementor-widget elementor-widget-text-editor\" data-id=\"f03af7e\" data-element_type=\"widget\" data-e-type=\"widget\" data-widget_type=\"text-editor.default\">\n\t\t\t\t<div class=\"elementor-widget-container\">\n\t\t\t\t\t\t\t\t\t<p><strong>Le 18 mars 2026, c&rsquo;est la Journ\u00e9e mondiale du recyclage !<\/strong><\/p>\t\t\t\t\t\t\t\t<\/div>\n\t\t\t\t<\/div>\n\t\t\t\t<div class=\"elementor-element elementor-element-43a7c17e elementor-widget elementor-widget-text-editor\" data-id=\"43a7c17e\" data-element_type=\"widget\" data-e-type=\"widget\" data-widget_type=\"text-editor.default\">\n\t\t\t\t<div class=\"elementor-widget-container\">\n\t\t\t\t\t\t\t\t\t<p>La <a href=\"https:\/\/swissrecycle.ch\/fr\/points-de-collecte-communes\/journee-mondiale-du-recyclage\/journee-mondiale-du-recyclage\" target=\"_blank\" rel=\"noopener\">Journ\u00e9e du recyclage<\/a> est une journ\u00e9e d\u2019action mondiale visant \u00e0 sensibiliser au recyclage et \u00e0 l\u2019\u00e9conomie circulaire. La Journ\u00e9e du recyclage a \u00e9t\u00e9 lanc\u00e9e en 2018 par la Global Recycling Foundation afin de sensibiliser le public \u00e0 l\u2019importance de la pr\u00e9servation des ressources, du recyclage et de l\u2019\u00e9limination appropri\u00e9e des d\u00e9chets.<\/p><p>Avec un taux de collecte sup\u00e9rieur \u00e0 95 %, la population suisse est d\u00e9j\u00e0 championne du monde en mati\u00e8re de collecte et d&rsquo;\u00e9limination du verre d&#8217;emballage !<\/p><p>Les taux de collecte \u00e9lev\u00e9s provoquent des exc\u00e9dents structurels, car l\u2019industrie du verre ne peut pas travailler avec 100 % de verre usag\u00e9. En suivant le concept de l\u2019upcycling, MISAPOR a con\u00e7u \u00e0 partir de verre usag\u00e9 un mat\u00e9riau de construction qui r\u00e9pond pleinement aux exigences de l\u2019\u00e9conomie circulaire moderne.<\/p><p>En collaboration avec , nous profitons donc de la Journ\u00e9e du recyclage pour remercier la population en lui offrant quelque chose de concret en \u00e9change de ses d\u00e9chets. Tout \u00e0 fait dans l&rsquo;esprit de<\/p><p>Aujourd\u2019hui, ta bouteille de verre usag\u00e9e. <br \/>Demain, notre mat\u00e9riau de construction.<\/p>\t\t\t\t\t\t\t\t<\/div>\n\t\t\t\t<\/div>\n\t\t\t\t\t<\/div>\n\t\t\t\t<\/div>\n\t\t<div class=\"elementor-element elementor-element-233b708c e-flex e-con-boxed e-con e-parent\" data-id=\"233b708c\" data-element_type=\"container\" data-e-type=\"container\">\n\t\t\t\t\t<div class=\"e-con-inner\">\n\t\t\t\t\t<\/div>\n\t\t\t\t<\/div>\n\t\t<div class=\"elementor-element elementor-element-f1d7f04 e-flex e-con-boxed e-con e-parent\" data-id=\"f1d7f04\" data-element_type=\"container\" data-e-type=\"container\">\n\t\t\t\t\t<div class=\"e-con-inner\">\n\t\t\t\t<div class=\"elementor-element elementor-element-db6a02c elementor-widget elementor-widget-video\" data-id=\"db6a02c\" data-element_type=\"widget\" data-e-type=\"widget\" data-settings=\"{&quot;video_type&quot;:&quot;vimeo&quot;,&quot;autoplay&quot;:&quot;yes&quot;,&quot;play_on_mobile&quot;:&quot;yes&quot;}\" data-widget_type=\"video.default\">\n\t\t\t\t<div class=\"elementor-widget-container\">\n\t\t\t\t\t\t\t<div class=\"elementor-wrapper elementor-open-inline\">\n\t\t\t<iframe hcb-fetch-image-from=\"https:\/\/vimeo.com\/1170633589?share=copy&amp;fl=sv&amp;fe=ci\" class=\"elementor-video-iframe\" allowfullscreen allow=\"autoplay\" title=\"Lecteur vid\u00e9o vimeo\" src=\"https:\/\/player.vimeo.com\/video\/1170633589?autoplay=1&amp;playsinline=1&amp;color&amp;autopause=0&amp;loop=0&amp;muted=0&amp;title=1&amp;portrait=1&amp;byline=1#t=\"><\/iframe>\t\t<\/div>\n\t\t\t\t\t\t<\/div>\n\t\t\t\t<\/div>\n\t\t\t\t\t<\/div>\n\t\t\t\t<\/div>\n\t\t\t\t<\/div>\n\t\t","protected":false},"excerpt":{"rendered":"<p>Le 18 mars 2026, c&rsquo;est la Journ\u00e9e mondiale du recyclage ! La Journ\u00e9e du recyclage est une journ\u00e9e d\u2019action mondiale visant \u00e0 sensibiliser au recyclage et \u00e0 l\u2019\u00e9conomie circulaire. La Journ\u00e9e du recyclage a \u00e9t\u00e9 lanc\u00e9e en 2018 par la Global Recycling Foundation afin de sensibiliser le public \u00e0 l\u2019importance de la pr\u00e9servation des ressources, [&hellip;]<\/p>\n","protected":false},"author":4,"featured_media":9355,"comment_status":"closed","ping_status":"closed","sticky":false,"template":"","format":"standard","meta":{"_acf_changed":false,"_relevanssi_hide_post":"","_relevanssi_hide_content":"","_relevanssi_pin_for_all":"","_relevanssi_pin_keywords":"","_relevanssi_unpin_keywords":"","_relevanssi_related_keywords":"","_relevanssi_related_include_ids":"","_relevanssi_related_exclude_ids":"","_relevanssi_related_no_append":"","_relevanssi_related_not_related":"","_relevanssi_related_posts":"7489,7237,6659,6786,7610,7136","_relevanssi_noindex_reason":"","footnotes":""},"categories":[247],"tags":[],"class_list":["post-9321","post","type-post","status-publish","format-standard","has-post-thumbnail","hentry","category-events"],"acf":[],"yoast_head":"<!-- This site is optimized with the Yoast SEO plugin v27.2 - https:\/\/yoast.com\/product\/yoast-seo-wordpress\/ -->\n<title>Quelque chose de plein pour le vide \u00e0 la gare de Coire - Misapor<\/title>\n<meta name=\"robots\" content=\"index, follow, max-snippet:-1, max-image-preview:large, max-video-preview:-1\" \/>\n<link rel=\"canonical\" href=\"https:\/\/www.misapor.ch\/fr\/nous-disons-merci-avec-quelque-chose-de-plein-pour-le-vide\/\" \/>\n<meta property=\"og:locale\" content=\"fr_FR\" \/>\n<meta property=\"og:type\" content=\"article\" \/>\n<meta property=\"og:title\" content=\"Quelque chose de plein pour le vide \u00e0 la gare de Coire - Misapor\" \/>\n<meta property=\"og:description\" content=\"Le 18 mars 2026, c&rsquo;est la Journ\u00e9e mondiale du recyclage ! La Journ\u00e9e du recyclage est une journ\u00e9e d\u2019action mondiale visant \u00e0 sensibiliser au recyclage et \u00e0 l\u2019\u00e9conomie circulaire. La Journ\u00e9e du recyclage a \u00e9t\u00e9 lanc\u00e9e en 2018 par la Global Recycling Foundation afin de sensibiliser le public \u00e0 l\u2019importance de la pr\u00e9servation des ressources, [&hellip;]\" \/>\n<meta property=\"og:url\" content=\"https:\/\/www.misapor.ch\/fr\/nous-disons-merci-avec-quelque-chose-de-plein-pour-le-vide\/\" \/>\n<meta property=\"og:site_name\" content=\"Misapor\" \/>\n<meta property=\"article:published_time\" content=\"2026-03-05T11:27:10+00:00\" \/>\n<meta property=\"article:modified_time\" content=\"2026-03-05T12:01:28+00:00\" \/>\n<meta property=\"og:image\" content=\"https:\/\/www.misapor.ch\/wp-content\/uploads\/newsmeldungen\/2026-03_news_de_bhf_chur_recyclingday-2.png\" \/>\n\t<meta property=\"og:image:width\" content=\"1440\" \/>\n\t<meta property=\"og:image:height\" content=\"810\" \/>\n\t<meta property=\"og:image:type\" content=\"image\/png\" \/>\n<meta name=\"author\" content=\"Anne-Katrin Feldmann\" \/>\n<meta name=\"twitter:card\" content=\"summary_large_image\" \/>\n<meta name=\"twitter:label1\" content=\"\u00c9crit par\" \/>\n\t<meta name=\"twitter:data1\" content=\"Anne-Katrin Feldmann\" \/>\n\t<meta name=\"twitter:label2\" content=\"Dur\u00e9e de lecture estim\u00e9e\" \/>\n\t<meta name=\"twitter:data2\" content=\"1 minute\" \/>\n<script type=\"application\/ld+json\" class=\"yoast-schema-graph\">{\"@context\":\"https:\/\/schema.org\",\"@graph\":[{\"@type\":\"Article\",\"@id\":\"https:\/\/www.misapor.ch\/fr\/nous-disons-merci-avec-quelque-chose-de-plein-pour-le-vide\/#article\",\"isPartOf\":{\"@id\":\"https:\/\/www.misapor.ch\/fr\/nous-disons-merci-avec-quelque-chose-de-plein-pour-le-vide\/\"},\"author\":{\"name\":\"Anne-Katrin Feldmann\",\"@id\":\"https:\/\/www.misapor.ch\/fr\/#\/schema\/person\/fac9d984ab1b2b0f518f754d035711e1\"},\"headline\":\"Quelque chose de plein pour le vide \u00e0 la gare de Coire\",\"datePublished\":\"2026-03-05T11:27:10+00:00\",\"dateModified\":\"2026-03-05T12:01:28+00:00\",\"mainEntityOfPage\":{\"@id\":\"https:\/\/www.misapor.ch\/fr\/nous-disons-merci-avec-quelque-chose-de-plein-pour-le-vide\/\"},\"wordCount\":221,\"publisher\":{\"@id\":\"https:\/\/www.misapor.ch\/fr\/#organization\"},\"image\":{\"@id\":\"https:\/\/www.misapor.ch\/fr\/nous-disons-merci-avec-quelque-chose-de-plein-pour-le-vide\/#primaryimage\"},\"thumbnailUrl\":\"https:\/\/www.misapor.ch\/wp-content\/uploads\/newsmeldungen\/2026-03_news_de_bhf_chur_recyclingday-2.png\",\"articleSection\":[\"Events\"],\"inLanguage\":\"fr-FR\"},{\"@type\":\"WebPage\",\"@id\":\"https:\/\/www.misapor.ch\/fr\/nous-disons-merci-avec-quelque-chose-de-plein-pour-le-vide\/\",\"url\":\"https:\/\/www.misapor.ch\/fr\/nous-disons-merci-avec-quelque-chose-de-plein-pour-le-vide\/\",\"name\":\"Quelque chose de plein pour le vide \u00e0 la gare de Coire - Misapor\",\"isPartOf\":{\"@id\":\"https:\/\/www.misapor.ch\/fr\/#website\"},\"primaryImageOfPage\":{\"@id\":\"https:\/\/www.misapor.ch\/fr\/nous-disons-merci-avec-quelque-chose-de-plein-pour-le-vide\/#primaryimage\"},\"image\":{\"@id\":\"https:\/\/www.misapor.ch\/fr\/nous-disons-merci-avec-quelque-chose-de-plein-pour-le-vide\/#primaryimage\"},\"thumbnailUrl\":\"https:\/\/www.misapor.ch\/wp-content\/uploads\/newsmeldungen\/2026-03_news_de_bhf_chur_recyclingday-2.png\",\"datePublished\":\"2026-03-05T11:27:10+00:00\",\"dateModified\":\"2026-03-05T12:01:28+00:00\",\"breadcrumb\":{\"@id\":\"https:\/\/www.misapor.ch\/fr\/nous-disons-merci-avec-quelque-chose-de-plein-pour-le-vide\/#breadcrumb\"},\"inLanguage\":\"fr-FR\",\"potentialAction\":[{\"@type\":\"ReadAction\",\"target\":[\"https:\/\/www.misapor.ch\/fr\/nous-disons-merci-avec-quelque-chose-de-plein-pour-le-vide\/\"]}]},{\"@type\":\"ImageObject\",\"inLanguage\":\"fr-FR\",\"@id\":\"https:\/\/www.misapor.ch\/fr\/nous-disons-merci-avec-quelque-chose-de-plein-pour-le-vide\/#primaryimage\",\"url\":\"https:\/\/www.misapor.ch\/wp-content\/uploads\/newsmeldungen\/2026-03_news_de_bhf_chur_recyclingday-2.png\",\"contentUrl\":\"https:\/\/www.misapor.ch\/wp-content\/uploads\/newsmeldungen\/2026-03_news_de_bhf_chur_recyclingday-2.png\",\"width\":1440,\"height\":810,\"caption\":\"Journ\u00e9e du recyclage 2026\"},{\"@type\":\"BreadcrumbList\",\"@id\":\"https:\/\/www.misapor.ch\/fr\/nous-disons-merci-avec-quelque-chose-de-plein-pour-le-vide\/#breadcrumb\",\"itemListElement\":[{\"@type\":\"ListItem\",\"position\":1,\"name\":\"Startseite\",\"item\":\"https:\/\/www.misapor.ch\/fr\/\"},{\"@type\":\"ListItem\",\"position\":2,\"name\":\"Quelque chose de plein pour le vide \u00e0 la gare de Coire\"}]},{\"@type\":\"WebSite\",\"@id\":\"https:\/\/www.misapor.ch\/fr\/#website\",\"url\":\"https:\/\/www.misapor.ch\/fr\/\",\"name\":\"Misapor\",\"description\":\"\",\"publisher\":{\"@id\":\"https:\/\/www.misapor.ch\/fr\/#organization\"},\"potentialAction\":[{\"@type\":\"SearchAction\",\"target\":{\"@type\":\"EntryPoint\",\"urlTemplate\":\"https:\/\/www.misapor.ch\/fr\/?s={search_term_string}\"},\"query-input\":{\"@type\":\"PropertyValueSpecification\",\"valueRequired\":true,\"valueName\":\"search_term_string\"}}],\"inLanguage\":\"fr-FR\"},{\"@type\":\"Organization\",\"@id\":\"https:\/\/www.misapor.ch\/fr\/#organization\",\"name\":\"Misapor\",\"url\":\"https:\/\/www.misapor.ch\/fr\/\",\"logo\":{\"@type\":\"ImageObject\",\"inLanguage\":\"fr-FR\",\"@id\":\"https:\/\/www.misapor.ch\/fr\/#\/schema\/logo\/image\/\",\"url\":\"https:\/\/www.misapor.ch\/wp-content\/uploads\/system\/logo\/Logo_cmyk.svg\",\"contentUrl\":\"https:\/\/www.misapor.ch\/wp-content\/uploads\/system\/logo\/Logo_cmyk.svg\",\"width\":265,\"height\":49,\"caption\":\"Misapor\"},\"image\":{\"@id\":\"https:\/\/www.misapor.ch\/fr\/#\/schema\/logo\/image\/\"}},{\"@type\":\"Person\",\"@id\":\"https:\/\/www.misapor.ch\/fr\/#\/schema\/person\/fac9d984ab1b2b0f518f754d035711e1\",\"name\":\"Anne-Katrin Feldmann\",\"image\":{\"@type\":\"ImageObject\",\"inLanguage\":\"fr-FR\",\"@id\":\"https:\/\/secure.gravatar.com\/avatar\/156b05fdd4baf8f1104fac88a421b9078bc02d52b31f7e9651104ca2339d91ec?s=96&d=mm&r=g\",\"url\":\"https:\/\/secure.gravatar.com\/avatar\/156b05fdd4baf8f1104fac88a421b9078bc02d52b31f7e9651104ca2339d91ec?s=96&d=mm&r=g\",\"contentUrl\":\"https:\/\/secure.gravatar.com\/avatar\/156b05fdd4baf8f1104fac88a421b9078bc02d52b31f7e9651104ca2339d91ec?s=96&d=mm&r=g\",\"caption\":\"Anne-Katrin Feldmann\"}}]}<\/script>\n<!-- \/ Yoast SEO plugin. -->","yoast_head_json":{"title":"Quelque chose de plein pour le vide \u00e0 la gare de Coire - Misapor","robots":{"index":"index","follow":"follow","max-snippet":"max-snippet:-1","max-image-preview":"max-image-preview:large","max-video-preview":"max-video-preview:-1"},"canonical":"https:\/\/www.misapor.ch\/fr\/nous-disons-merci-avec-quelque-chose-de-plein-pour-le-vide\/","og_locale":"fr_FR","og_type":"article","og_title":"Quelque chose de plein pour le vide \u00e0 la gare de Coire - Misapor","og_description":"Le 18 mars 2026, c&rsquo;est la Journ\u00e9e mondiale du recyclage ! La Journ\u00e9e du recyclage est une journ\u00e9e d\u2019action mondiale visant \u00e0 sensibiliser au recyclage et \u00e0 l\u2019\u00e9conomie circulaire. La Journ\u00e9e du recyclage a \u00e9t\u00e9 lanc\u00e9e en 2018 par la Global Recycling Foundation afin de sensibiliser le public \u00e0 l\u2019importance de la pr\u00e9servation des ressources, [&hellip;]","og_url":"https:\/\/www.misapor.ch\/fr\/nous-disons-merci-avec-quelque-chose-de-plein-pour-le-vide\/","og_site_name":"Misapor","article_published_time":"2026-03-05T11:27:10+00:00","article_modified_time":"2026-03-05T12:01:28+00:00","og_image":[{"width":1440,"height":810,"url":"https:\/\/www.misapor.ch\/wp-content\/uploads\/newsmeldungen\/2026-03_news_de_bhf_chur_recyclingday-2.png","type":"image\/png"}],"author":"Anne-Katrin Feldmann","twitter_card":"summary_large_image","twitter_misc":{"\u00c9crit par":"Anne-Katrin Feldmann","Dur\u00e9e de lecture estim\u00e9e":"1 minute"},"schema":{"@context":"https:\/\/schema.org","@graph":[{"@type":"Article","@id":"https:\/\/www.misapor.ch\/fr\/nous-disons-merci-avec-quelque-chose-de-plein-pour-le-vide\/#article","isPartOf":{"@id":"https:\/\/www.misapor.ch\/fr\/nous-disons-merci-avec-quelque-chose-de-plein-pour-le-vide\/"},"author":{"name":"Anne-Katrin Feldmann","@id":"https:\/\/www.misapor.ch\/fr\/#\/schema\/person\/fac9d984ab1b2b0f518f754d035711e1"},"headline":"Quelque chose de plein pour le vide \u00e0 la gare de Coire","datePublished":"2026-03-05T11:27:10+00:00","dateModified":"2026-03-05T12:01:28+00:00","mainEntityOfPage":{"@id":"https:\/\/www.misapor.ch\/fr\/nous-disons-merci-avec-quelque-chose-de-plein-pour-le-vide\/"},"wordCount":221,"publisher":{"@id":"https:\/\/www.misapor.ch\/fr\/#organization"},"image":{"@id":"https:\/\/www.misapor.ch\/fr\/nous-disons-merci-avec-quelque-chose-de-plein-pour-le-vide\/#primaryimage"},"thumbnailUrl":"https:\/\/www.misapor.ch\/wp-content\/uploads\/newsmeldungen\/2026-03_news_de_bhf_chur_recyclingday-2.png","articleSection":["Events"],"inLanguage":"fr-FR"},{"@type":"WebPage","@id":"https:\/\/www.misapor.ch\/fr\/nous-disons-merci-avec-quelque-chose-de-plein-pour-le-vide\/","url":"https:\/\/www.misapor.ch\/fr\/nous-disons-merci-avec-quelque-chose-de-plein-pour-le-vide\/","name":"Quelque chose de plein pour le vide \u00e0 la gare de Coire - Misapor","isPartOf":{"@id":"https:\/\/www.misapor.ch\/fr\/#website"},"primaryImageOfPage":{"@id":"https:\/\/www.misapor.ch\/fr\/nous-disons-merci-avec-quelque-chose-de-plein-pour-le-vide\/#primaryimage"},"image":{"@id":"https:\/\/www.misapor.ch\/fr\/nous-disons-merci-avec-quelque-chose-de-plein-pour-le-vide\/#primaryimage"},"thumbnailUrl":"https:\/\/www.misapor.ch\/wp-content\/uploads\/newsmeldungen\/2026-03_news_de_bhf_chur_recyclingday-2.png","datePublished":"2026-03-05T11:27:10+00:00","dateModified":"2026-03-05T12:01:28+00:00","breadcrumb":{"@id":"https:\/\/www.misapor.ch\/fr\/nous-disons-merci-avec-quelque-chose-de-plein-pour-le-vide\/#breadcrumb"},"inLanguage":"fr-FR","potentialAction":[{"@type":"ReadAction","target":["https:\/\/www.misapor.ch\/fr\/nous-disons-merci-avec-quelque-chose-de-plein-pour-le-vide\/"]}]},{"@type":"ImageObject","inLanguage":"fr-FR","@id":"https:\/\/www.misapor.ch\/fr\/nous-disons-merci-avec-quelque-chose-de-plein-pour-le-vide\/#primaryimage","url":"https:\/\/www.misapor.ch\/wp-content\/uploads\/newsmeldungen\/2026-03_news_de_bhf_chur_recyclingday-2.png","contentUrl":"https:\/\/www.misapor.ch\/wp-content\/uploads\/newsmeldungen\/2026-03_news_de_bhf_chur_recyclingday-2.png","width":1440,"height":810,"caption":"Journ\u00e9e du recyclage 2026"},{"@type":"BreadcrumbList","@id":"https:\/\/www.misapor.ch\/fr\/nous-disons-merci-avec-quelque-chose-de-plein-pour-le-vide\/#breadcrumb","itemListElement":[{"@type":"ListItem","position":1,"name":"Startseite","item":"https:\/\/www.misapor.ch\/fr\/"},{"@type":"ListItem","position":2,"name":"Quelque chose de plein pour le vide \u00e0 la gare de Coire"}]},{"@type":"WebSite","@id":"https:\/\/www.misapor.ch\/fr\/#website","url":"https:\/\/www.misapor.ch\/fr\/","name":"Misapor","description":"","publisher":{"@id":"https:\/\/www.misapor.ch\/fr\/#organization"},"potentialAction":[{"@type":"SearchAction","target":{"@type":"EntryPoint","urlTemplate":"https:\/\/www.misapor.ch\/fr\/?s={search_term_string}"},"query-input":{"@type":"PropertyValueSpecification","valueRequired":true,"valueName":"search_term_string"}}],"inLanguage":"fr-FR"},{"@type":"Organization","@id":"https:\/\/www.misapor.ch\/fr\/#organization","name":"Misapor","url":"https:\/\/www.misapor.ch\/fr\/","logo":{"@type":"ImageObject","inLanguage":"fr-FR","@id":"https:\/\/www.misapor.ch\/fr\/#\/schema\/logo\/image\/","url":"https:\/\/www.misapor.ch\/wp-content\/uploads\/system\/logo\/Logo_cmyk.svg","contentUrl":"https:\/\/www.misapor.ch\/wp-content\/uploads\/system\/logo\/Logo_cmyk.svg","width":265,"height":49,"caption":"Misapor"},"image":{"@id":"https:\/\/www.misapor.ch\/fr\/#\/schema\/logo\/image\/"}},{"@type":"Person","@id":"https:\/\/www.misapor.ch\/fr\/#\/schema\/person\/fac9d984ab1b2b0f518f754d035711e1","name":"Anne-Katrin Feldmann","image":{"@type":"ImageObject","inLanguage":"fr-FR","@id":"https:\/\/secure.gravatar.com\/avatar\/156b05fdd4baf8f1104fac88a421b9078bc02d52b31f7e9651104ca2339d91ec?s=96&d=mm&r=g","url":"https:\/\/secure.gravatar.com\/avatar\/156b05fdd4baf8f1104fac88a421b9078bc02d52b31f7e9651104ca2339d91ec?s=96&d=mm&r=g","contentUrl":"https:\/\/secure.gravatar.com\/avatar\/156b05fdd4baf8f1104fac88a421b9078bc02d52b31f7e9651104ca2339d91ec?s=96&d=mm&r=g","caption":"Anne-Katrin Feldmann"}}]}},"_links":{"self":[{"href":"https:\/\/www.misapor.ch\/fr\/wp-json\/wp\/v2\/posts\/9321","targetHints":{"allow":["GET"]}}],"collection":[{"href":"https:\/\/www.misapor.ch\/fr\/wp-json\/wp\/v2\/posts"}],"about":[{"href":"https:\/\/www.misapor.ch\/fr\/wp-json\/wp\/v2\/types\/post"}],"author":[{"embeddable":true,"href":"https:\/\/www.misapor.ch\/fr\/wp-json\/wp\/v2\/users\/4"}],"replies":[{"embeddable":true,"href":"https:\/\/www.misapor.ch\/fr\/wp-json\/wp\/v2\/comments?post=9321"}],"version-history":[{"count":16,"href":"https:\/\/www.misapor.ch\/fr\/wp-json\/wp\/v2\/posts\/9321\/revisions"}],"predecessor-version":[{"id":9370,"href":"https:\/\/www.misapor.ch\/fr\/wp-json\/wp\/v2\/posts\/9321\/revisions\/9370"}],"wp:featuredmedia":[{"embeddable":true,"href":"https:\/\/www.misapor.ch\/fr\/wp-json\/wp\/v2\/media\/9355"}],"wp:attachment":[{"href":"https:\/\/www.misapor.ch\/fr\/wp-json\/wp\/v2\/media?parent=9321"}],"wp:term":[{"taxonomy":"category","embeddable":true,"href":"https:\/\/www.misapor.ch\/fr\/wp-json\/wp\/v2\/categories?post=9321"},{"taxonomy":"post_tag","embeddable":true,"href":"https:\/\/www.misapor.ch\/fr\/wp-json\/wp\/v2\/tags?post=9321"}],"curies":[{"name":"wp","href":"https:\/\/api.w.org\/{rel}","templated":true}]}}