{"id":7489,"date":"2025-03-20T08:49:26","date_gmt":"2025-03-20T07:49:26","guid":{"rendered":"https:\/\/www.misapor.ch\/?p=7489"},"modified":"2025-05-19T08:25:24","modified_gmt":"2025-05-19T06:25:24","slug":"recycling-day-2025-misapor-y-etait","status":"publish","type":"post","link":"https:\/\/www.misapor.ch\/fr\/recycling-day-2025-misapor-y-etait\/","title":{"rendered":"Recycling Day 2025 &#8211; MISAPOR y \u00e9tait !"},"content":{"rendered":"<p>Heute mein Altglas. Morgen unser Baustoff.<\/p>\n<p>Dans le cadre du Recycling Day 2025, nous avons pu, gr\u00e2ce \u00e0 l&rsquo;aimable soutien de Werkbetrieb Chur, informer directement sur place de ce que MISAPOR fait du verre usag\u00e9 des citoyens suisses, qui atterrit par exemple dans le conteneur du centre de collecte multiple.<\/p>\n<p>MISAPOR est un produit purement min\u00e9ral, compos\u00e9 \u00e0 98% de verre recycl\u00e9. Et lorsqu&rsquo;il s&rsquo;agit de recycler le verre usag\u00e9, la Suisse fait partie des leaders mondiaux, avec un taux de collecte de plus de 95% pour le verre d&#8217;emballage ! Ces exc\u00e9dents ne peuvent toutefois pas \u00eatre enti\u00e8rement trait\u00e9s par l&rsquo;industrie du verre. Conform\u00e9ment \u00e0 l&rsquo;id\u00e9e d&rsquo;upcycling, nous transformons ces exc\u00e9dents en un nouveau produit qui compl\u00e8te ou remplace les mat\u00e9riaux \u00e0 forte consommation de ressources et qui r\u00e9pond parfaitement aux exigences de l&rsquo;\u00e9conomie circulaire moderne.   <\/p>\n<p>Et la l\u00e9g\u00e8ret\u00e9 de notre verre cellulaire a pu \u00eatre constat\u00e9e directement sur la machine \u00e0 lancer le verre cellulaire ! Le chocolat gagnant \u00e9tait bien s\u00fbr aussi l\u00e9ger comme une plume&#8230; <\/p>\n<p>Nous remercions les citoyens int\u00e9ress\u00e9s qui nous ont non seulement aid\u00e9s \u00e0 collecter le verre usag\u00e9, mais qui nous ont \u00e9galement rendu visite \u00e0 notre stand d&rsquo;information MISAPOR \u00e0 Coire !<\/p>\n<p>Pour en savoir plus sur la fa\u00e7on dont MISAPOR agit dans le sens d&rsquo;une \u00e9conomie circulaire moderne, <a href=\"https:\/\/www.misapor.ch\/fr\/le-principe-misapor\/\">cliquez ici<\/a>.<\/p>\n<p>\t\t\t\t\t\t\t\t\t\t\t\t\t\t\t<img decoding=\"async\" width=\"640\" height=\"512\" src=\"https:\/\/www.misapor.ch\/wp-content\/uploads\/newsmeldungen\/web_bild_6-1024x819.jpg\" alt=\"Mann und Kind werfen Glasflaschen in einen Altglas-Container\" srcset=\"https:\/\/www.misapor.ch\/wp-content\/uploads\/newsmeldungen\/web_bild_6-1024x819.jpg 1024w, https:\/\/www.misapor.ch\/wp-content\/uploads\/newsmeldungen\/web_bild_6-300x240.jpg 300w, https:\/\/www.misapor.ch\/wp-content\/uploads\/newsmeldungen\/web_bild_6-768x614.jpg 768w, https:\/\/www.misapor.ch\/wp-content\/uploads\/newsmeldungen\/web_bild_6.jpg 1500w\" sizes=\"(max-width: 640px) 100vw, 640px\" \/><br \/>\n\t\t\t\t\t\t\t\t\t\t\t\t\t\t\t<img decoding=\"async\" width=\"640\" height=\"512\" src=\"https:\/\/www.misapor.ch\/wp-content\/uploads\/newsmeldungen\/web_bild_2-1024x819.jpg\" alt=\"MISAPOR Marktstand mit Schaumglasschotter in Gl\u00e4sern und einem MISAPOR Auto im Hintergrund\" srcset=\"https:\/\/www.misapor.ch\/wp-content\/uploads\/newsmeldungen\/web_bild_2-1024x819.jpg 1024w, https:\/\/www.misapor.ch\/wp-content\/uploads\/newsmeldungen\/web_bild_2-300x240.jpg 300w, https:\/\/www.misapor.ch\/wp-content\/uploads\/newsmeldungen\/web_bild_2-768x614.jpg 768w, https:\/\/www.misapor.ch\/wp-content\/uploads\/newsmeldungen\/web_bild_2.jpg 1500w\" sizes=\"(max-width: 640px) 100vw, 640px\" \/><br \/>\n\t\t\t\t\t\t\t\t\t\t\t\t\t\t\t<img decoding=\"async\" width=\"640\" height=\"512\" src=\"https:\/\/www.misapor.ch\/wp-content\/uploads\/newsmeldungen\/web_bild_1-1024x819.jpg\" alt=\"Schokoladentafeln mit MISAPOR Aufkleber\" srcset=\"https:\/\/www.misapor.ch\/wp-content\/uploads\/newsmeldungen\/web_bild_1-1024x819.jpg 1024w, https:\/\/www.misapor.ch\/wp-content\/uploads\/newsmeldungen\/web_bild_1-300x240.jpg 300w, https:\/\/www.misapor.ch\/wp-content\/uploads\/newsmeldungen\/web_bild_1-768x614.jpg 768w, https:\/\/www.misapor.ch\/wp-content\/uploads\/newsmeldungen\/web_bild_1.jpg 1500w\" sizes=\"(max-width: 640px) 100vw, 640px\" \/><\/p>\n","protected":false},"excerpt":{"rendered":"<p>Heute mein Altglas. Morgen unser Baustoff. Dans le cadre du Recycling Day 2025, nous avons pu, gr\u00e2ce \u00e0 l&rsquo;aimable soutien de Werkbetrieb Chur, informer directement sur place de ce que MISAPOR fait du verre usag\u00e9 des citoyens suisses, qui atterrit par exemple dans le conteneur du centre de collecte multiple. MISAPOR est un produit purement [&hellip;]<\/p>\n","protected":false},"author":4,"featured_media":7474,"comment_status":"closed","ping_status":"closed","sticky":false,"template":"","format":"standard","meta":{"_acf_changed":false,"_relevanssi_hide_post":"","_relevanssi_hide_content":"","_relevanssi_pin_for_all":"","_relevanssi_pin_keywords":"","_relevanssi_unpin_keywords":"","_relevanssi_related_keywords":"","_relevanssi_related_include_ids":"","_relevanssi_related_exclude_ids":"","_relevanssi_related_no_append":"","_relevanssi_related_not_related":"","_relevanssi_related_posts":"","_relevanssi_noindex_reason":"","footnotes":""},"categories":[279],"tags":[],"class_list":["post-7489","post","type-post","status-publish","format-standard","has-post-thumbnail","hentry","category-evenements"],"acf":[],"yoast_head":"<!-- This site is optimized with the Yoast SEO plugin v27.2 - https:\/\/yoast.com\/product\/yoast-seo-wordpress\/ -->\n<title>Recycling Day 2025 - MISAPOR y \u00e9tait ! - Misapor<\/title>\n<meta name=\"robots\" content=\"index, follow, max-snippet:-1, max-image-preview:large, max-video-preview:-1\" \/>\n<link rel=\"canonical\" href=\"https:\/\/www.misapor.ch\/fr\/recycling-day-2025-misapor-y-etait\/\" \/>\n<meta property=\"og:locale\" content=\"fr_FR\" \/>\n<meta property=\"og:type\" content=\"article\" \/>\n<meta property=\"og:title\" content=\"Recycling Day 2025 - MISAPOR y \u00e9tait ! - Misapor\" \/>\n<meta property=\"og:description\" content=\"Heute mein Altglas. Morgen unser Baustoff. Dans le cadre du Recycling Day 2025, nous avons pu, gr\u00e2ce \u00e0 l&rsquo;aimable soutien de Werkbetrieb Chur, informer directement sur place de ce que MISAPOR fait du verre usag\u00e9 des citoyens suisses, qui atterrit par exemple dans le conteneur du centre de collecte multiple. MISAPOR est un produit purement [&hellip;]\" \/>\n<meta property=\"og:url\" content=\"https:\/\/www.misapor.ch\/fr\/recycling-day-2025-misapor-y-etait\/\" \/>\n<meta property=\"og:site_name\" content=\"Misapor\" \/>\n<meta property=\"article:published_time\" content=\"2025-03-20T07:49:26+00:00\" \/>\n<meta property=\"article:modified_time\" content=\"2025-05-19T06:25:24+00:00\" \/>\n<meta property=\"og:image\" content=\"https:\/\/www.misapor.ch\/wp-content\/uploads\/newsmeldungen\/web_bild_4-e1742456399899.jpg\" \/>\n\t<meta property=\"og:image:width\" content=\"1500\" \/>\n\t<meta property=\"og:image:height\" content=\"1200\" \/>\n\t<meta property=\"og:image:type\" content=\"image\/jpeg\" \/>\n<meta name=\"author\" content=\"Anne-Katrin Feldmann\" \/>\n<meta name=\"twitter:card\" content=\"summary_large_image\" \/>\n<meta name=\"twitter:label1\" content=\"\u00c9crit par\" \/>\n\t<meta name=\"twitter:data1\" content=\"Anne-Katrin Feldmann\" \/>\n\t<meta name=\"twitter:label2\" content=\"Dur\u00e9e de lecture estim\u00e9e\" \/>\n\t<meta name=\"twitter:data2\" content=\"2 minutes\" \/>\n<script type=\"application\/ld+json\" class=\"yoast-schema-graph\">{\"@context\":\"https:\/\/schema.org\",\"@graph\":[{\"@type\":\"Article\",\"@id\":\"https:\/\/www.misapor.ch\/fr\/recycling-day-2025-misapor-y-etait\/#article\",\"isPartOf\":{\"@id\":\"https:\/\/www.misapor.ch\/fr\/recycling-day-2025-misapor-y-etait\/\"},\"author\":{\"name\":\"Anne-Katrin Feldmann\",\"@id\":\"https:\/\/www.misapor.ch\/fr\/#\/schema\/person\/fac9d984ab1b2b0f518f754d035711e1\"},\"headline\":\"Recycling Day 2025 &#8211; MISAPOR y \u00e9tait !\",\"datePublished\":\"2025-03-20T07:49:26+00:00\",\"dateModified\":\"2025-05-19T06:25:24+00:00\",\"mainEntityOfPage\":{\"@id\":\"https:\/\/www.misapor.ch\/fr\/recycling-day-2025-misapor-y-etait\/\"},\"wordCount\":241,\"publisher\":{\"@id\":\"https:\/\/www.misapor.ch\/fr\/#organization\"},\"image\":{\"@id\":\"https:\/\/www.misapor.ch\/fr\/recycling-day-2025-misapor-y-etait\/#primaryimage\"},\"thumbnailUrl\":\"https:\/\/www.misapor.ch\/wp-content\/uploads\/newsmeldungen\/web_bild_4-e1742456399899.jpg\",\"articleSection\":[\"\u00c9v\u00e9nements\"],\"inLanguage\":\"fr-FR\"},{\"@type\":\"WebPage\",\"@id\":\"https:\/\/www.misapor.ch\/fr\/recycling-day-2025-misapor-y-etait\/\",\"url\":\"https:\/\/www.misapor.ch\/fr\/recycling-day-2025-misapor-y-etait\/\",\"name\":\"Recycling Day 2025 - MISAPOR y \u00e9tait ! - Misapor\",\"isPartOf\":{\"@id\":\"https:\/\/www.misapor.ch\/fr\/#website\"},\"primaryImageOfPage\":{\"@id\":\"https:\/\/www.misapor.ch\/fr\/recycling-day-2025-misapor-y-etait\/#primaryimage\"},\"image\":{\"@id\":\"https:\/\/www.misapor.ch\/fr\/recycling-day-2025-misapor-y-etait\/#primaryimage\"},\"thumbnailUrl\":\"https:\/\/www.misapor.ch\/wp-content\/uploads\/newsmeldungen\/web_bild_4-e1742456399899.jpg\",\"datePublished\":\"2025-03-20T07:49:26+00:00\",\"dateModified\":\"2025-05-19T06:25:24+00:00\",\"breadcrumb\":{\"@id\":\"https:\/\/www.misapor.ch\/fr\/recycling-day-2025-misapor-y-etait\/#breadcrumb\"},\"inLanguage\":\"fr-FR\",\"potentialAction\":[{\"@type\":\"ReadAction\",\"target\":[\"https:\/\/www.misapor.ch\/fr\/recycling-day-2025-misapor-y-etait\/\"]}]},{\"@type\":\"ImageObject\",\"inLanguage\":\"fr-FR\",\"@id\":\"https:\/\/www.misapor.ch\/fr\/recycling-day-2025-misapor-y-etait\/#primaryimage\",\"url\":\"https:\/\/www.misapor.ch\/wp-content\/uploads\/newsmeldungen\/web_bild_4-e1742456399899.jpg\",\"contentUrl\":\"https:\/\/www.misapor.ch\/wp-content\/uploads\/newsmeldungen\/web_bild_4-e1742456399899.jpg\",\"width\":1500,\"height\":1200,\"caption\":\"Stand de march\u00e9 MISAPOR avec MISAPOR Auto en arri\u00e8re-plan\"},{\"@type\":\"BreadcrumbList\",\"@id\":\"https:\/\/www.misapor.ch\/fr\/recycling-day-2025-misapor-y-etait\/#breadcrumb\",\"itemListElement\":[{\"@type\":\"ListItem\",\"position\":1,\"name\":\"Startseite\",\"item\":\"https:\/\/www.misapor.ch\/fr\/\"},{\"@type\":\"ListItem\",\"position\":2,\"name\":\"Recycling Day 2025 &#8211; MISAPOR y \u00e9tait !\"}]},{\"@type\":\"WebSite\",\"@id\":\"https:\/\/www.misapor.ch\/fr\/#website\",\"url\":\"https:\/\/www.misapor.ch\/fr\/\",\"name\":\"Misapor\",\"description\":\"\",\"publisher\":{\"@id\":\"https:\/\/www.misapor.ch\/fr\/#organization\"},\"potentialAction\":[{\"@type\":\"SearchAction\",\"target\":{\"@type\":\"EntryPoint\",\"urlTemplate\":\"https:\/\/www.misapor.ch\/fr\/?s={search_term_string}\"},\"query-input\":{\"@type\":\"PropertyValueSpecification\",\"valueRequired\":true,\"valueName\":\"search_term_string\"}}],\"inLanguage\":\"fr-FR\"},{\"@type\":\"Organization\",\"@id\":\"https:\/\/www.misapor.ch\/fr\/#organization\",\"name\":\"Misapor\",\"url\":\"https:\/\/www.misapor.ch\/fr\/\",\"logo\":{\"@type\":\"ImageObject\",\"inLanguage\":\"fr-FR\",\"@id\":\"https:\/\/www.misapor.ch\/fr\/#\/schema\/logo\/image\/\",\"url\":\"https:\/\/www.misapor.ch\/wp-content\/uploads\/system\/logo\/Logo_cmyk.svg\",\"contentUrl\":\"https:\/\/www.misapor.ch\/wp-content\/uploads\/system\/logo\/Logo_cmyk.svg\",\"width\":265,\"height\":49,\"caption\":\"Misapor\"},\"image\":{\"@id\":\"https:\/\/www.misapor.ch\/fr\/#\/schema\/logo\/image\/\"}},{\"@type\":\"Person\",\"@id\":\"https:\/\/www.misapor.ch\/fr\/#\/schema\/person\/fac9d984ab1b2b0f518f754d035711e1\",\"name\":\"Anne-Katrin Feldmann\",\"image\":{\"@type\":\"ImageObject\",\"inLanguage\":\"fr-FR\",\"@id\":\"https:\/\/secure.gravatar.com\/avatar\/156b05fdd4baf8f1104fac88a421b9078bc02d52b31f7e9651104ca2339d91ec?s=96&d=mm&r=g\",\"url\":\"https:\/\/secure.gravatar.com\/avatar\/156b05fdd4baf8f1104fac88a421b9078bc02d52b31f7e9651104ca2339d91ec?s=96&d=mm&r=g\",\"contentUrl\":\"https:\/\/secure.gravatar.com\/avatar\/156b05fdd4baf8f1104fac88a421b9078bc02d52b31f7e9651104ca2339d91ec?s=96&d=mm&r=g\",\"caption\":\"Anne-Katrin Feldmann\"}}]}<\/script>\n<!-- \/ Yoast SEO plugin. -->","yoast_head_json":{"title":"Recycling Day 2025 - MISAPOR y \u00e9tait ! - Misapor","robots":{"index":"index","follow":"follow","max-snippet":"max-snippet:-1","max-image-preview":"max-image-preview:large","max-video-preview":"max-video-preview:-1"},"canonical":"https:\/\/www.misapor.ch\/fr\/recycling-day-2025-misapor-y-etait\/","og_locale":"fr_FR","og_type":"article","og_title":"Recycling Day 2025 - MISAPOR y \u00e9tait ! - Misapor","og_description":"Heute mein Altglas. Morgen unser Baustoff. Dans le cadre du Recycling Day 2025, nous avons pu, gr\u00e2ce \u00e0 l&rsquo;aimable soutien de Werkbetrieb Chur, informer directement sur place de ce que MISAPOR fait du verre usag\u00e9 des citoyens suisses, qui atterrit par exemple dans le conteneur du centre de collecte multiple. MISAPOR est un produit purement [&hellip;]","og_url":"https:\/\/www.misapor.ch\/fr\/recycling-day-2025-misapor-y-etait\/","og_site_name":"Misapor","article_published_time":"2025-03-20T07:49:26+00:00","article_modified_time":"2025-05-19T06:25:24+00:00","og_image":[{"width":1500,"height":1200,"url":"https:\/\/www.misapor.ch\/wp-content\/uploads\/newsmeldungen\/web_bild_4-e1742456399899.jpg","type":"image\/jpeg"}],"author":"Anne-Katrin Feldmann","twitter_card":"summary_large_image","twitter_misc":{"\u00c9crit par":"Anne-Katrin Feldmann","Dur\u00e9e de lecture estim\u00e9e":"2 minutes"},"schema":{"@context":"https:\/\/schema.org","@graph":[{"@type":"Article","@id":"https:\/\/www.misapor.ch\/fr\/recycling-day-2025-misapor-y-etait\/#article","isPartOf":{"@id":"https:\/\/www.misapor.ch\/fr\/recycling-day-2025-misapor-y-etait\/"},"author":{"name":"Anne-Katrin Feldmann","@id":"https:\/\/www.misapor.ch\/fr\/#\/schema\/person\/fac9d984ab1b2b0f518f754d035711e1"},"headline":"Recycling Day 2025 &#8211; MISAPOR y \u00e9tait !","datePublished":"2025-03-20T07:49:26+00:00","dateModified":"2025-05-19T06:25:24+00:00","mainEntityOfPage":{"@id":"https:\/\/www.misapor.ch\/fr\/recycling-day-2025-misapor-y-etait\/"},"wordCount":241,"publisher":{"@id":"https:\/\/www.misapor.ch\/fr\/#organization"},"image":{"@id":"https:\/\/www.misapor.ch\/fr\/recycling-day-2025-misapor-y-etait\/#primaryimage"},"thumbnailUrl":"https:\/\/www.misapor.ch\/wp-content\/uploads\/newsmeldungen\/web_bild_4-e1742456399899.jpg","articleSection":["\u00c9v\u00e9nements"],"inLanguage":"fr-FR"},{"@type":"WebPage","@id":"https:\/\/www.misapor.ch\/fr\/recycling-day-2025-misapor-y-etait\/","url":"https:\/\/www.misapor.ch\/fr\/recycling-day-2025-misapor-y-etait\/","name":"Recycling Day 2025 - MISAPOR y \u00e9tait ! - Misapor","isPartOf":{"@id":"https:\/\/www.misapor.ch\/fr\/#website"},"primaryImageOfPage":{"@id":"https:\/\/www.misapor.ch\/fr\/recycling-day-2025-misapor-y-etait\/#primaryimage"},"image":{"@id":"https:\/\/www.misapor.ch\/fr\/recycling-day-2025-misapor-y-etait\/#primaryimage"},"thumbnailUrl":"https:\/\/www.misapor.ch\/wp-content\/uploads\/newsmeldungen\/web_bild_4-e1742456399899.jpg","datePublished":"2025-03-20T07:49:26+00:00","dateModified":"2025-05-19T06:25:24+00:00","breadcrumb":{"@id":"https:\/\/www.misapor.ch\/fr\/recycling-day-2025-misapor-y-etait\/#breadcrumb"},"inLanguage":"fr-FR","potentialAction":[{"@type":"ReadAction","target":["https:\/\/www.misapor.ch\/fr\/recycling-day-2025-misapor-y-etait\/"]}]},{"@type":"ImageObject","inLanguage":"fr-FR","@id":"https:\/\/www.misapor.ch\/fr\/recycling-day-2025-misapor-y-etait\/#primaryimage","url":"https:\/\/www.misapor.ch\/wp-content\/uploads\/newsmeldungen\/web_bild_4-e1742456399899.jpg","contentUrl":"https:\/\/www.misapor.ch\/wp-content\/uploads\/newsmeldungen\/web_bild_4-e1742456399899.jpg","width":1500,"height":1200,"caption":"Stand de march\u00e9 MISAPOR avec MISAPOR Auto en arri\u00e8re-plan"},{"@type":"BreadcrumbList","@id":"https:\/\/www.misapor.ch\/fr\/recycling-day-2025-misapor-y-etait\/#breadcrumb","itemListElement":[{"@type":"ListItem","position":1,"name":"Startseite","item":"https:\/\/www.misapor.ch\/fr\/"},{"@type":"ListItem","position":2,"name":"Recycling Day 2025 &#8211; MISAPOR y \u00e9tait !"}]},{"@type":"WebSite","@id":"https:\/\/www.misapor.ch\/fr\/#website","url":"https:\/\/www.misapor.ch\/fr\/","name":"Misapor","description":"","publisher":{"@id":"https:\/\/www.misapor.ch\/fr\/#organization"},"potentialAction":[{"@type":"SearchAction","target":{"@type":"EntryPoint","urlTemplate":"https:\/\/www.misapor.ch\/fr\/?s={search_term_string}"},"query-input":{"@type":"PropertyValueSpecification","valueRequired":true,"valueName":"search_term_string"}}],"inLanguage":"fr-FR"},{"@type":"Organization","@id":"https:\/\/www.misapor.ch\/fr\/#organization","name":"Misapor","url":"https:\/\/www.misapor.ch\/fr\/","logo":{"@type":"ImageObject","inLanguage":"fr-FR","@id":"https:\/\/www.misapor.ch\/fr\/#\/schema\/logo\/image\/","url":"https:\/\/www.misapor.ch\/wp-content\/uploads\/system\/logo\/Logo_cmyk.svg","contentUrl":"https:\/\/www.misapor.ch\/wp-content\/uploads\/system\/logo\/Logo_cmyk.svg","width":265,"height":49,"caption":"Misapor"},"image":{"@id":"https:\/\/www.misapor.ch\/fr\/#\/schema\/logo\/image\/"}},{"@type":"Person","@id":"https:\/\/www.misapor.ch\/fr\/#\/schema\/person\/fac9d984ab1b2b0f518f754d035711e1","name":"Anne-Katrin Feldmann","image":{"@type":"ImageObject","inLanguage":"fr-FR","@id":"https:\/\/secure.gravatar.com\/avatar\/156b05fdd4baf8f1104fac88a421b9078bc02d52b31f7e9651104ca2339d91ec?s=96&d=mm&r=g","url":"https:\/\/secure.gravatar.com\/avatar\/156b05fdd4baf8f1104fac88a421b9078bc02d52b31f7e9651104ca2339d91ec?s=96&d=mm&r=g","contentUrl":"https:\/\/secure.gravatar.com\/avatar\/156b05fdd4baf8f1104fac88a421b9078bc02d52b31f7e9651104ca2339d91ec?s=96&d=mm&r=g","caption":"Anne-Katrin Feldmann"}}]}},"_links":{"self":[{"href":"https:\/\/www.misapor.ch\/fr\/wp-json\/wp\/v2\/posts\/7489","targetHints":{"allow":["GET"]}}],"collection":[{"href":"https:\/\/www.misapor.ch\/fr\/wp-json\/wp\/v2\/posts"}],"about":[{"href":"https:\/\/www.misapor.ch\/fr\/wp-json\/wp\/v2\/types\/post"}],"author":[{"embeddable":true,"href":"https:\/\/www.misapor.ch\/fr\/wp-json\/wp\/v2\/users\/4"}],"replies":[{"embeddable":true,"href":"https:\/\/www.misapor.ch\/fr\/wp-json\/wp\/v2\/comments?post=7489"}],"version-history":[{"count":6,"href":"https:\/\/www.misapor.ch\/fr\/wp-json\/wp\/v2\/posts\/7489\/revisions"}],"predecessor-version":[{"id":8140,"href":"https:\/\/www.misapor.ch\/fr\/wp-json\/wp\/v2\/posts\/7489\/revisions\/8140"}],"wp:featuredmedia":[{"embeddable":true,"href":"https:\/\/www.misapor.ch\/fr\/wp-json\/wp\/v2\/media\/7474"}],"wp:attachment":[{"href":"https:\/\/www.misapor.ch\/fr\/wp-json\/wp\/v2\/media?parent=7489"}],"wp:term":[{"taxonomy":"category","embeddable":true,"href":"https:\/\/www.misapor.ch\/fr\/wp-json\/wp\/v2\/categories?post=7489"},{"taxonomy":"post_tag","embeddable":true,"href":"https:\/\/www.misapor.ch\/fr\/wp-json\/wp\/v2\/tags?post=7489"}],"curies":[{"name":"wp","href":"https:\/\/api.w.org\/{rel}","templated":true}]}}